{"id":167168,"date":"2020-08-19T15:14:46","date_gmt":"2020-08-19T18:14:46","guid":{"rendered":"https:\/\/diarioregionaldigital.com.br\/?p=167168"},"modified":"2020-08-19T15:14:46","modified_gmt":"2020-08-19T18:14:46","slug":"jovem-e-morto-a-tiros-no-valadares","status":"publish","type":"post","link":"https:\/\/diarioregionaldigital.com.br\/?p=167168","title":{"rendered":"Jovem \u00e9 morto a tiros no Valadares"},"content":{"rendered":"<p>Na ter\u00e7a-feira (18), a Pol\u00edcia Militar (PM) foi acionada em decorr\u00eancia de caso de homic\u00eddio ocorrido em Valadares. Ao chegar no local, os policiais notaram que a v\u00edtima, jovem de 22 anos, havia sido alvejador por disparos de arma de fogo. Testemunhas relataram que haviam dois poss\u00edveis suspeitos de cometerem tal crime. Instantes depois, a guarni\u00e7\u00e3o compareceu \u00e0 resid\u00eancia de um dos autores e em conversas com os policiais, o mesmo negou envolvimento no crime e relata que tinha desaven\u00e7as com a v\u00edtima.<\/p>\n<p>Dando prosseguimento \u00e0s dilig\u00eancias, os militares localizaram o segundo suspeito em sua resid\u00eancia e o mesmo nega qualquer envolvimento. Instantes depois a guarni\u00e7\u00e3o recebeu informa\u00e7\u00f5es de que no celular do autor, havia mensagens arquitetando o atendado contra a v\u00edtima. Celular segue apreendido e a arma utilizada para a pr\u00e1tica do crime n\u00e3o foi encontrada. Per\u00edcia compareceu no local para os levantamentos de praxe, liberando o corpo para remo\u00e7\u00e3o. Diante dos fatos os autores foram presos em flagrante e conduzidos para a Delegacia.<\/p>\n","protected":false},"excerpt":{"rendered":"<p>Na ter\u00e7a-feira (18), a Pol\u00edcia Militar (PM) foi acionada em decorr\u00eancia de caso de homic\u00eddio ocorrido em Valadares. Ao chegar no local, os policiais notaram que a v\u00edtima, jovem de 22 anos, havia sido alvejador por disparos de arma de fogo. Testemunhas relataram que haviam dois poss\u00edveis suspeitos de cometerem tal crime. Instantes depois, a [&hellip;]<\/p>\n","protected":false},"author":96,"featured_media":167169,"comment_status":"closed","ping_status":"closed","sticky":false,"template":"","format":"standard","meta":{"footnotes":""},"categories":[301,436,439],"tags":[],"class_list":["post-167168","post","type-post","status-publish","format-standard","has-post-thumbnail","hentry","category-artigos-policiais","category-destaque-da-semana","category-ultima-hora"],"_links":{"self":[{"href":"https:\/\/diarioregionaldigital.com.br\/index.php?rest_route=\/wp\/v2\/posts\/167168","targetHints":{"allow":["GET"]}}],"collection":[{"href":"https:\/\/diarioregionaldigital.com.br\/index.php?rest_route=\/wp\/v2\/posts"}],"about":[{"href":"https:\/\/diarioregionaldigital.com.br\/index.php?rest_route=\/wp\/v2\/types\/post"}],"author":[{"embeddable":true,"href":"https:\/\/diarioregionaldigital.com.br\/index.php?rest_route=\/wp\/v2\/users\/96"}],"replies":[{"embeddable":true,"href":"https:\/\/diarioregionaldigital.com.br\/index.php?rest_route=%2Fwp%2Fv2%2Fcomments&post=167168"}],"version-history":[{"count":0,"href":"https:\/\/diarioregionaldigital.com.br\/index.php?rest_route=\/wp\/v2\/posts\/167168\/revisions"}],"wp:featuredmedia":[{"embeddable":true,"href":"https:\/\/diarioregionaldigital.com.br\/index.php?rest_route=\/wp\/v2\/media\/167169"}],"wp:attachment":[{"href":"https:\/\/diarioregionaldigital.com.br\/index.php?rest_route=%2Fwp%2Fv2%2Fmedia&parent=167168"}],"wp:term":[{"taxonomy":"category","embeddable":true,"href":"https:\/\/diarioregionaldigital.com.br\/index.php?rest_route=%2Fwp%2Fv2%2Fcategories&post=167168"},{"taxonomy":"post_tag","embeddable":true,"href":"https:\/\/diarioregionaldigital.com.br\/index.php?rest_route=%2Fwp%2Fv2%2Ftags&post=167168"}],"curies":[{"name":"wp","href":"https:\/\/api.w.org\/{rel}","templated":true}]}}