{"id":167162,"date":"2020-08-19T14:24:07","date_gmt":"2020-08-19T17:24:07","guid":{"rendered":"https:\/\/diarioregionaldigital.com.br\/?p=167162"},"modified":"2020-08-19T14:24:07","modified_gmt":"2020-08-19T17:24:07","slug":"todas-as-equipes-da-f1-assinam-novo-pacto-da-concordia-ate-2025","status":"publish","type":"post","link":"https:\/\/diarioregionaldigital.com.br\/?p=167162","title":{"rendered":"Todas as equipes da F1 assinam novo Pacto da Conc\u00f3rdia at\u00e9 2025"},"content":{"rendered":"<p><span style=\"font-weight: 400;\">Nesta quarta-feira (19), todas as dez equipes da F1 (Mercedes, Red Bull, Ferrari, McLaren, Renault, Alpha Tauri, Racing Point, Haas, Alfa Romeo e Williams), assinaram o Pacto da Conc\u00f3rdia at\u00e9 o ano de 2025. O nome do acordo \u00e9 uma refer\u00eancia ao endere\u00e7o da Federa\u00e7\u00e3o Internacional de Automobilismo (FIA), visa reduzir as disparidades financeiras e de pista entre as equipes , ajudando a nivelar o campo de jogo, ocasionando maior equil\u00edbrio nas pistas e tamb\u00e9m visando o novo regulamento para 2022.<\/span><\/p>\n<p><span style=\"font-weight: 400;\">A princ\u00edpio, apenas as veteranas Mclaren, Ferrari e Williams, iriam assinar o novo acordo. Al\u00e9m disso, a Mercedes amea\u00e7ou n\u00e3o aderir ao projeto, alegando que seria prejudicial para o dom\u00ednio da equipe. No final das contas, todos os times concordaram em assinar o acordo.<\/span><\/p>\n<p><span style=\"font-weight: 400;\">O CEO da Liberty Media, grupo que det\u00e9m os direitos da F1, Chase Carey, diz que o novo projeto garante maior estabilidade pol\u00edtica na categoria:<\/span><\/p>\n<p><span style=\"font-weight: 400;\">\u201cEste ano foi sem precedentes para o mundo e estamos orgulhosos que a F\u00f3rmula 1 se uniu nos \u00faltimos meses para retornar \u00e0s corridas de forma segura. Dissemos no in\u00edcio do ano que, devido \u00e0 natureza fluida da pandemia, o Acordo da Conc\u00f3rdia levaria mais tempo para ser conclu\u00eddo e estamos satisfeitos que at\u00e9 agosto tenhamos conseguido um acordo de todas as dez equipes sobre os planos de longo prazo futuro do nosso esporte. Todos os nossos f\u00e3s querem ver corridas mais pr\u00f3ximas, a\u00e7\u00e3o roda a roda e todas as equipes tendo a chance de subir ao p\u00f3dio\u201d.<\/span><\/p>\n<p><span style=\"font-weight: 400;\">J\u00e1 o presidente da FIA, Jean Todt, avalia o novo acordo e diz que dar\u00e1 um futuro mais est\u00e1vel para a F1:<\/span><\/p>\n<p><span style=\"font-weight: 400;\">&#8220;Ao longo de seus 70 anos de hist\u00f3ria, a F\u00f3rmula 1 se desenvolveu a um ritmo not\u00e1vel, levando os limites da seguran\u00e7a, tecnologia e competi\u00e7\u00e3o aos limites absolutos, e hoje confirma que um novo cap\u00edtulo emocionante nessa hist\u00f3ria est\u00e1 prestes a come\u00e7ar. Durante os desafios globais sem precedentes que atualmente enfrentam todas as pessoas ao redor do mundo, estou orgulhoso da maneira como todas as partes interessadas da F\u00f3rmula 1 trabalharam juntos nos \u00faltimos meses para os melhores interesses do esporte e os f\u00e3s concordaram em um caminho mais sustent\u00e1vel, competi\u00e7\u00e3o justa e emocionante no auge do esporte motorizado. \u201d<\/span><\/p>\n","protected":false},"excerpt":{"rendered":"<p>Nesta quarta-feira (19), todas as dez equipes da F1 (Mercedes, Red Bull, Ferrari, McLaren, Renault, Alpha Tauri, Racing Point, Haas, Alfa Romeo e Williams), assinaram o Pacto da Conc\u00f3rdia at\u00e9 o ano de 2025. O nome do acordo \u00e9 uma refer\u00eancia ao endere\u00e7o da Federa\u00e7\u00e3o Internacional de Automobilismo (FIA), visa reduzir as disparidades financeiras e [&hellip;]<\/p>\n","protected":false},"author":96,"featured_media":167163,"comment_status":"closed","ping_status":"closed","sticky":false,"template":"","format":"standard","meta":{"footnotes":""},"categories":[436,257,439],"tags":[],"class_list":["post-167162","post","type-post","status-publish","format-standard","has-post-thumbnail","hentry","category-destaque-da-semana","category-esporte","category-ultima-hora"],"_links":{"self":[{"href":"https:\/\/diarioregionaldigital.com.br\/index.php?rest_route=\/wp\/v2\/posts\/167162","targetHints":{"allow":["GET"]}}],"collection":[{"href":"https:\/\/diarioregionaldigital.com.br\/index.php?rest_route=\/wp\/v2\/posts"}],"about":[{"href":"https:\/\/diarioregionaldigital.com.br\/index.php?rest_route=\/wp\/v2\/types\/post"}],"author":[{"embeddable":true,"href":"https:\/\/diarioregionaldigital.com.br\/index.php?rest_route=\/wp\/v2\/users\/96"}],"replies":[{"embeddable":true,"href":"https:\/\/diarioregionaldigital.com.br\/index.php?rest_route=%2Fwp%2Fv2%2Fcomments&post=167162"}],"version-history":[{"count":0,"href":"https:\/\/diarioregionaldigital.com.br\/index.php?rest_route=\/wp\/v2\/posts\/167162\/revisions"}],"wp:featuredmedia":[{"embeddable":true,"href":"https:\/\/diarioregionaldigital.com.br\/index.php?rest_route=\/wp\/v2\/media\/167163"}],"wp:attachment":[{"href":"https:\/\/diarioregionaldigital.com.br\/index.php?rest_route=%2Fwp%2Fv2%2Fmedia&parent=167162"}],"wp:term":[{"taxonomy":"category","embeddable":true,"href":"https:\/\/diarioregionaldigital.com.br\/index.php?rest_route=%2Fwp%2Fv2%2Fcategories&post=167162"},{"taxonomy":"post_tag","embeddable":true,"href":"https:\/\/diarioregionaldigital.com.br\/index.php?rest_route=%2Fwp%2Fv2%2Ftags&post=167162"}],"curies":[{"name":"wp","href":"https:\/\/api.w.org\/{rel}","templated":true}]}}