{"id":167159,"date":"2020-08-19T14:01:37","date_gmt":"2020-08-19T17:01:37","guid":{"rendered":"https:\/\/diarioregionaldigital.com.br\/?p=167159"},"modified":"2020-08-19T14:01:37","modified_gmt":"2020-08-19T17:01:37","slug":"holandes-ronald-koeman-e-o-novo-tecnico-do-barcelona","status":"publish","type":"post","link":"https:\/\/diarioregionaldigital.com.br\/?p=167159","title":{"rendered":"Holand\u00eas Ronald Koeman \u00e9 o novo t\u00e9cnico do Barcelona"},"content":{"rendered":"<p><span style=\"font-weight: 400;\">Ap\u00f3s encerrar a temporada 2019\/2020 de forma melanc\u00f3lica, em decorr\u00eancia da derrota por 8&#215;2 para o Bayern de Munique nas quartas de final da Liga dos Campe\u00f5es, o Barcelona anunciou nesta quarta-feira (19), o holand\u00eas Ronald Koeman como novo t\u00e9cnico do clube catal\u00e3o. O v\u00ednculo dura at\u00e9 2022.<\/span><\/p>\n<p><span style=\"font-weight: 400;\">O treinador de 57 anos, estava comandando a sele\u00e7\u00e3o da Holanda e chega com a miss\u00e3o de reerguer o futebol do Barcelona, que passa por reorganiza\u00e7\u00e3o de seu elenco. Al\u00e9m disso, \u00e9 o quinto t\u00e9cnico holand\u00eas a trabalhar no clube catal\u00e3o, que teve tamb\u00e9m Rinus Michels, Johan Cruyff, Louis Van Gaal e Frank Rijkaard.<\/span><\/p>\n<p><span style=\"font-weight: 400;\">Em uma entrevista para uma TV espanhola, Koeman diz que o elenco est\u00e1 envelhecido e que precisa de renova\u00e7\u00e3o, citando nomes como Piqu\u00e9 e Busquets. Al\u00e9m disso, demonstra estar alinhado ao presidente Josep Maria Bartomeu.<\/span><\/p>\n<p><span style=\"font-weight: 400;\">Na apresenta\u00e7\u00e3o, foi perguntado sobre a perman\u00eancia de Lionel Messi, o qual manifestou desejo de sair do time. Koeman foi bastante claro sobre essa quest\u00e3o:<\/span><\/p>\n<p><span style=\"font-weight: 400;\">&#8220;Ele tem um contrato com o FC Barcelona , espero que continue aqui por muitos anos. Tenho certeza de que ele \u00e9 o melhor jogador do mundo e voc\u00ea quer ter o melhor jogador do mundo no seu time, n\u00e3o no seu rival. Acho que ele tem um contrato , ou seja, \u00e9 um jogador do Barcelona. E a partir de hoje, claro, ele \u00e9 um jogador do Bar\u00e7a e espero que continue aqui por muitos anos\u201d.<\/span><\/p>\n<p><b>Carreira como jogador<\/b><\/p>\n<p><span style=\"font-weight: 400;\">Ronald Koeman foi um \u00f3timo zagueiro holand\u00eas, tendo passagens pelo Groningen, Ajax, PSV Eindhoven, o pr\u00f3prio Barcelona e Feyenoord, seu \u00faltimo clube na carreira.\u00a0<\/span><\/p>\n<p><span style=\"font-weight: 400;\">Pelo clube catal\u00e3o, disputou 264 partidas entre 1989 e 1995, marcando 87 gols, sendo que o mais emblem\u00e1tico foi um de falta na prorroga\u00e7\u00e3o na final da Liga dos Campe\u00f5es de 1992, na vit\u00f3ria sobre o Sampdoria da It\u00e1lia. Neste jogo, Koeman ficou conhecido como o \u201cHer\u00f3i de Wembley\u201d, palco daquela decis\u00e3o. Al\u00e9m disso, venceu quatro Campeonatos Espanh\u00f3is.<\/span><\/p>\n<p><span style=\"font-weight: 400;\">Pela sele\u00e7\u00e3o da Holanda, foi convocado pela primeira vez em 1983 e conquistou a Eurocopa de 1988, disputada na Alemanha, \u00fanico t\u00edtulo da \u201cLaranja Mec\u00e2nica\u201d at\u00e9 ent\u00e3o. Al\u00e9m disso, disputou as Copas do Mundo de 1990 na It\u00e1lia e 1994 nos EUA, bem como a Euro 1992 na Su\u00e9cia.<\/span><\/p>\n<p><b>Carreira como treinador<\/b><\/p>\n<p><span style=\"font-weight: 400;\">O primeiro trabalho de Ronald Koeman como t\u00e9cnico, foi no Ajax e em sua passagem, conquistou dois Campeonatos Holandeses (2002 e 2004), Copa da Holanda (2002) e Supercopa da Holanda (2002). Posteriormente dirigiu o Benfica de Portugal, conquistando a Superta\u00e7a em 2005.\u00a0<\/span><\/p>\n<p><span style=\"font-weight: 400;\">Comandou o PSV e venceu o Campeonato Holand\u00eas em 2007. Na temporada seguinte se transferiu para o Valencia da Espanha, no qual ganhou a Copa do Rei 2008.<\/span><\/p>\n<p><span style=\"font-weight: 400;\">Em seu retorno \u00e0 Holanda, comandou o AZ Alkmaar, com direito ao t\u00edtulo da Supercopa em 2009. Al\u00e9m disso, teve passagens pelo futebol ingl\u00eas, a primeira no Southampton em 2014 e Everton em 2016.<\/span><\/p>\n<p><span style=\"font-weight: 400;\">No ano de 2018 assumiu a Holanda, com a miss\u00e3o de recolocar o time entre os protagonistas do futebol europeu. Desde ent\u00e3o levou a sele\u00e7\u00e3o \u00e0 final da Liga das Na\u00e7\u00f5es de 2019, no qual perdeu para Portugal. Al\u00e9m disso, Koeman conseguiu levar o time para a Eurocopa, que foi adiada para 2021 por conta da pandemia do Coronav\u00edrus.<\/span><\/p>\n","protected":false},"excerpt":{"rendered":"<p>Ap\u00f3s encerrar a temporada 2019\/2020 de forma melanc\u00f3lica, em decorr\u00eancia da derrota por 8&#215;2 para o Bayern de Munique nas quartas de final da Liga dos Campe\u00f5es, o Barcelona anunciou nesta quarta-feira (19), o holand\u00eas Ronald Koeman como novo t\u00e9cnico do clube catal\u00e3o. O v\u00ednculo dura at\u00e9 2022. O treinador de 57 anos, estava comandando [&hellip;]<\/p>\n","protected":false},"author":96,"featured_media":167160,"comment_status":"closed","ping_status":"closed","sticky":false,"template":"","format":"standard","meta":{"footnotes":""},"categories":[436,257,439],"tags":[],"class_list":["post-167159","post","type-post","status-publish","format-standard","has-post-thumbnail","hentry","category-destaque-da-semana","category-esporte","category-ultima-hora"],"_links":{"self":[{"href":"https:\/\/diarioregionaldigital.com.br\/index.php?rest_route=\/wp\/v2\/posts\/167159","targetHints":{"allow":["GET"]}}],"collection":[{"href":"https:\/\/diarioregionaldigital.com.br\/index.php?rest_route=\/wp\/v2\/posts"}],"about":[{"href":"https:\/\/diarioregionaldigital.com.br\/index.php?rest_route=\/wp\/v2\/types\/post"}],"author":[{"embeddable":true,"href":"https:\/\/diarioregionaldigital.com.br\/index.php?rest_route=\/wp\/v2\/users\/96"}],"replies":[{"embeddable":true,"href":"https:\/\/diarioregionaldigital.com.br\/index.php?rest_route=%2Fwp%2Fv2%2Fcomments&post=167159"}],"version-history":[{"count":0,"href":"https:\/\/diarioregionaldigital.com.br\/index.php?rest_route=\/wp\/v2\/posts\/167159\/revisions"}],"wp:featuredmedia":[{"embeddable":true,"href":"https:\/\/diarioregionaldigital.com.br\/index.php?rest_route=\/wp\/v2\/media\/167160"}],"wp:attachment":[{"href":"https:\/\/diarioregionaldigital.com.br\/index.php?rest_route=%2Fwp%2Fv2%2Fmedia&parent=167159"}],"wp:term":[{"taxonomy":"category","embeddable":true,"href":"https:\/\/diarioregionaldigital.com.br\/index.php?rest_route=%2Fwp%2Fv2%2Fcategories&post=167159"},{"taxonomy":"post_tag","embeddable":true,"href":"https:\/\/diarioregionaldigital.com.br\/index.php?rest_route=%2Fwp%2Fv2%2Ftags&post=167159"}],"curies":[{"name":"wp","href":"https:\/\/api.w.org\/{rel}","templated":true}]}}