{"id":167156,"date":"2020-08-19T13:27:51","date_gmt":"2020-08-19T16:27:51","guid":{"rendered":"https:\/\/diarioregionaldigital.com.br\/?p=167156"},"modified":"2020-08-19T13:27:51","modified_gmt":"2020-08-19T16:27:51","slug":"evandro-e-bruno-comemoram-fim-de-dores-e-recomeco-de-treinos-de-olho-em-toquio","status":"publish","type":"post","link":"https:\/\/diarioregionaldigital.com.br\/?p=167156","title":{"rendered":"Evandro e Bruno comemoram fim de dores e recome\u00e7o de treinos de olho em T\u00f3quio"},"content":{"rendered":"<p><span style=\"font-weight: 400;\">A pandemia da COVID-19 interrompeu a vida de milhares de brasileiros, paralisou eventos e provocou o adiamento dos Jogos em T\u00f3quio. Os atletas buscaram se adaptar no per\u00edodo, mantendo o isolamento social e realizando exerc\u00edcios em casa. Agora, ap\u00f3s cinco meses seguindo protocolos de sa\u00fade, Evandro e Bruno Schmidt, que formam uma das quatro duplas classificadas para a disputa ol\u00edmpica no v\u00f4lei de praia, est\u00e3o de volta.<\/span><\/p>\n<p><span style=\"font-weight: 400;\">As atividades foram retomadas no fim de julho, na praia do Leblon, no Rio de Janeiro (RJ), de maneira gradual, evitando les\u00f5es enquanto o corpo se readapta ao volume de treinamentos. Al\u00e9m dos trabalhos com bola, est\u00e3o na rotina as sess\u00f5es de muscula\u00e7\u00e3o e fisioterapia durante a semana, tudo para recuperar o ritmo visando a disputa dos torneios at\u00e9 T\u00f3quio.<\/span><\/p>\n<p><span style=\"font-weight: 400;\">\u201cEstamos realizando quase uma segunda pr\u00e9-temporada, um pouco menos intensa do que no in\u00edcio do ano, mas n\u00e3o menos importante. Foi uma parada de quatro meses e, mesmo realizando exerc\u00edcios em casa, a intensidade e volume n\u00e3o eram os mesmos. Estamos voltando com cuidado para n\u00e3o termos nenhum problema de les\u00e3o. Voltar a poder fazer o que amo, estar perto da minha equipe, tudo isso \u00e9 motivo de alegria. Temos um trabalho integrado entre a prepara\u00e7\u00e3o f\u00edsica, t\u00e9cnico e fisioterapeuta, o que nos ajuda a voltar melhor fisicamente do que est\u00e1vamos\u201d, disse Evandro.<\/span><\/p>\n<p><span style=\"font-weight: 400;\">A primeira competi\u00e7\u00e3o oficial ser\u00e1 no fim de setembro, entre os dias 24 e 27, com a primeira etapa do Circuito Brasileiro Open de v\u00f4lei de praia. O torneio ser\u00e1 realizado sem p\u00fablico, em formato de &#8220;bolha&#8221; dentro do Centro de Desenvolvimento de Voleibol (CDV), em Saquarema (RJ). Para Bruno Schmidt, trabalhar com uma agenda motiva ainda mais na retomada, especialmente ap\u00f3s &#8220;zerar&#8221; as dores acumuladas na corrida ol\u00edmpica.<\/span><\/p>\n<p><span style=\"font-weight: 400;\">\u201cO fato de ter competi\u00e7\u00f5es agendadas at\u00e9 o fim do ano d\u00e1 mais motiva\u00e7\u00e3o aos atletas. Mostra que todos est\u00e3o tentando fazer sua parte, atletas, confedera\u00e7\u00e3o, para que nosso esporte siga vencedor. A pandemia foi terr\u00edvel, ainda \u00e9, tirou a vida de muitas pessoas. Mas o per\u00edodo parado ao menos permitiu tratar les\u00f5es &#8220;chatas&#8221;. Meu joelho estava sempre incomodando, quando chegava a um momento importante na temporada, de colocar mais for\u00e7a, tinha que conviver com dor\u201d, disse Bruno, que completou.<\/span><\/p>\n<p><span style=\"font-weight: 400;\">\u201cA temporada 2019 foi bastante dif\u00edcil para mim. E quando voc\u00ea vai treinar e competir com dor, a cabe\u00e7a n\u00e3o ajuda. Usei os quatro meses para focar bem no meu corpo. Atualmente, me sinto melhor do que em rela\u00e7\u00e3o ao in\u00edcio do ano. Voltar sem dor \u00e9 uma del\u00edcia. Tamb\u00e9m pude ficar bastante ao lado da minha fam\u00edlia, somos muito caseiros. Ficar esse tempo todo junto foi bom. Sentir saudade do esporte foi muito bom, voltei com aquela vontade de treinar, de retomar a rotina do dia a dia de atleta\u201d, declarou.<\/span><\/p>\n<p><b>Previsibilidade<\/b><\/p>\n<p><span style=\"font-weight: 400;\">A defini\u00e7\u00e3o antecipada das quatro vagas do Brasil aos Jogos no v\u00f4lei de praia tamb\u00e9m permitiu que as duplas passassem pelo per\u00edodo da pandemia com menos incertezas, j\u00e1 que parcerias de outros pa\u00edses ainda aguardam a defini\u00e7\u00e3o do calend\u00e1rio de competi\u00e7\u00f5es do Circuito Mundial para a disputa da vaga. Evandro comentou a import\u00e2ncia de manter o foco e a prepara\u00e7\u00e3o forte visando a disputa em T\u00f3quio, no pr\u00f3ximo ano.<\/span><\/p>\n<p><span style=\"font-weight: 400;\">\u201cEstamos classificados e isso d\u00e1 mais tranquilidade. Em uma situa\u00e7\u00e3o de incertezas, com torneios adiados, d\u00e1 um pouco mais de calma para trabalhar e se programar. Mas temos que manter a nossa for\u00e7a de vontade di\u00e1ria, nosso compromisso de sempre trabalhar forte, isso \u00e9 o mais importante. Treinar concentrados, com a cabe\u00e7a firme e sempre buscando evoluir os aspectos do nosso jogo\u201d, destacou.<\/span><\/p>\n<p><span style=\"font-weight: 400;\">Al\u00e9m de Evandro e Bruno Schmidt, as outras duplas classificadas para T\u00f3quio tamb\u00e9m retomaram os treinamentos em seus centros de treinamento. S\u00e3o eles Alison e \u00c1lvaro Filho (ES\/PB), \u00c1gatha e Duda (PR\/SE) e Ana Patr\u00edcia\/Rebecca (MG\/CE). As duplas femininas disputam em setembro, antes da estreia no Circuito Brasileiro, o &#8220;King of the Court&#8221;, torneio exibi\u00e7\u00e3o que acontece na Holanda, entre 9 e 12 de setembro.<\/span><\/p>\n<p><strong>Fonte:<\/strong> CBV<\/p>\n","protected":false},"excerpt":{"rendered":"<p>A pandemia da COVID-19 interrompeu a vida de milhares de brasileiros, paralisou eventos e provocou o adiamento dos Jogos em T\u00f3quio. Os atletas buscaram se adaptar no per\u00edodo, mantendo o isolamento social e realizando exerc\u00edcios em casa. Agora, ap\u00f3s cinco meses seguindo protocolos de sa\u00fade, Evandro e Bruno Schmidt, que formam uma das quatro duplas [&hellip;]<\/p>\n","protected":false},"author":96,"featured_media":167157,"comment_status":"closed","ping_status":"closed","sticky":false,"template":"","format":"standard","meta":{"footnotes":""},"categories":[436,257,439],"tags":[],"class_list":["post-167156","post","type-post","status-publish","format-standard","has-post-thumbnail","hentry","category-destaque-da-semana","category-esporte","category-ultima-hora"],"_links":{"self":[{"href":"https:\/\/diarioregionaldigital.com.br\/index.php?rest_route=\/wp\/v2\/posts\/167156","targetHints":{"allow":["GET"]}}],"collection":[{"href":"https:\/\/diarioregionaldigital.com.br\/index.php?rest_route=\/wp\/v2\/posts"}],"about":[{"href":"https:\/\/diarioregionaldigital.com.br\/index.php?rest_route=\/wp\/v2\/types\/post"}],"author":[{"embeddable":true,"href":"https:\/\/diarioregionaldigital.com.br\/index.php?rest_route=\/wp\/v2\/users\/96"}],"replies":[{"embeddable":true,"href":"https:\/\/diarioregionaldigital.com.br\/index.php?rest_route=%2Fwp%2Fv2%2Fcomments&post=167156"}],"version-history":[{"count":0,"href":"https:\/\/diarioregionaldigital.com.br\/index.php?rest_route=\/wp\/v2\/posts\/167156\/revisions"}],"wp:featuredmedia":[{"embeddable":true,"href":"https:\/\/diarioregionaldigital.com.br\/index.php?rest_route=\/wp\/v2\/media\/167157"}],"wp:attachment":[{"href":"https:\/\/diarioregionaldigital.com.br\/index.php?rest_route=%2Fwp%2Fv2%2Fmedia&parent=167156"}],"wp:term":[{"taxonomy":"category","embeddable":true,"href":"https:\/\/diarioregionaldigital.com.br\/index.php?rest_route=%2Fwp%2Fv2%2Fcategories&post=167156"},{"taxonomy":"post_tag","embeddable":true,"href":"https:\/\/diarioregionaldigital.com.br\/index.php?rest_route=%2Fwp%2Fv2%2Ftags&post=167156"}],"curies":[{"name":"wp","href":"https:\/\/api.w.org\/{rel}","templated":true}]}}