{"id":167153,"date":"2020-08-19T10:52:15","date_gmt":"2020-08-19T13:52:15","guid":{"rendered":"https:\/\/diarioregionaldigital.com.br\/?p=167153"},"modified":"2020-08-19T10:52:15","modified_gmt":"2020-08-19T13:52:15","slug":"tesouro-deve-pedir-recursos-do-bc-ainda-este-mes-diz-secretario","status":"publish","type":"post","link":"https:\/\/diarioregionaldigital.com.br\/?p=167153","title":{"rendered":"Tesouro deve pedir recursos do BC ainda este m\u00eas, diz secret\u00e1rio"},"content":{"rendered":"<p><span style=\"font-weight: 400;\">A restri\u00e7\u00e3o de dinheiro em caixa provocada pelos gastos com a pandemia do novo coronav\u00edrus dever\u00e1 fazer o Tesouro Nacional pedir transfer\u00eancia de recursos cambiais excedentes do Banco Central (BC), disse na ter\u00e7a-feira (18) o novo secret\u00e1rio do \u00f3rg\u00e3o, Bruno Funchal. Segundo ele, o pedido ser\u00e1 feito ao Conselho Monet\u00e1rio Nacional provavelmente ainda este m\u00eas.<\/span><\/p>\n<p><span style=\"font-weight: 400;\">\u201cA gente est\u00e1 em uma situa\u00e7\u00e3o na qual, quando a gente olha exatamente para situa\u00e7\u00e3o trazida pela pandemia, a gente consegue ver essa severa restri\u00e7\u00e3o de liquidez. Faz todo o sentido a gente olhando essas mudan\u00e7as severas no mercado, bastante espec\u00edficas, levar esse tema para o Conselho Monet\u00e1rio Nacional, e \u00e9 isso que o Tesouro est\u00e1 fazendo\u201d, declarou Funchal em videoconfer\u00eancia promovida por um banco.<\/span><\/p>\n<p><span style=\"font-weight: 400;\">No fim deste m\u00eas, o BC divulgar\u00e1 o lucro do primeiro semestre. O resultado deve vir inflado pela desvaloriza\u00e7\u00e3o do real, que acumula alta de cerca de 35% em 2020, e aumenta consideravelmente o valor das reservas internacionais em moeda estrangeira. Num cen\u00e1rio de dificuldade severas de caixa e de lucro do BC, a legisla\u00e7\u00e3o abre brecha para que o Tesouro pe\u00e7a ajuda ao BC.<\/span><\/p>\n<p><b>T\u00edtulos p\u00fablicos<\/b><\/p>\n<p><span style=\"font-weight: 400;\">Um eventual dinheiro extra do BC diminuiria as press\u00f5es sobre a d\u00edvida p\u00fablica. Segundo o secret\u00e1rio, os gastos extras para o enfrentamento da pandemia de covid-19 fizeram o Tesouro elevar as emiss\u00f5es de t\u00edtulos p\u00fablicos, especialmente nos \u00faltimos dois meses. Em contrapartida, os investidores que compram os t\u00edtulos e emprestam para o governo est\u00e3o pedindo prazos mais curtos, o que deve dificultar a rolagem (renova\u00e7\u00e3o) da d\u00edvida nos pr\u00f3ximos meses.<\/span><\/p>\n<p><span style=\"font-weight: 400;\">\u201cPelo lado da demanda por t\u00edtulos, o mercado est\u00e1 respondendo a esse choque n\u00e3o com aumento de pre\u00e7o dos t\u00edtulos p\u00fablicos, mas com encurtamento da d\u00edvida. Ent\u00e3o essa rolagem, nos pr\u00f3ximos meses, ela vai ficar mais volumosa\u201d, destacou. Apesar de admitir dificuldades na rolagem da d\u00edvida p\u00fablica, o secret\u00e1rio disse que o Tesouro tem condi\u00e7\u00f5es de enfrentar dificuldades no mercado por meio do colch\u00e3o da d\u00edvida p\u00fablica, reserva financeira que cobre os vencimentos da d\u00edvida por at\u00e9 seis meses.<\/span><\/p>\n<p><b>Teto de gastos<\/b><\/p>\n<p><span style=\"font-weight: 400;\">Na reuni\u00e3o com os banqueiros, o novo secret\u00e1rio do Tesouro refor\u00e7ou a import\u00e2ncia do teto de gastos, mecanismo que limita o crescimento das despesas federais \u00e0 infla\u00e7\u00e3o. Para Funchal, qualquer debate que fragilize o mecanismo \u00e9 custoso para a sociedade, principalmente ap\u00f3s o fim da pandemia, quando o mercado financeiro voltar\u00e1 a prestar aten\u00e7\u00e3o \u00e0s contas p\u00fablicas.<\/span><\/p>\n<p><span style=\"font-weight: 400;\">Ele ressaltou que a equipe econ\u00f4mica levar\u00e1 a manuten\u00e7\u00e3o do teto, nos moldes atuais, na elabora\u00e7\u00e3o do projeto de lei do Or\u00e7amento Geral da Uni\u00e3o de 2021, que ser\u00e1 enviado ao Congresso no pr\u00f3ximo dia 31. \u201cO mais importante, neste momento, \u00e9 ter uma regra s\u00f3lida e, com base nessa regra, fazer todo o processo or\u00e7ament\u00e1rio, e essa regra s\u00f3lida \u00e9 o teto de gastos\u201d, disse. De acordo com o secret\u00e1rio, a principal incerteza na elabora\u00e7\u00e3o da pe\u00e7a est\u00e1 no comportamento das receitas, que depender\u00e1 da velocidade de recupera\u00e7\u00e3o da economia.<\/span><\/p>\n<p><strong>Fonte:<\/strong> Ag\u00eancia Brasil<\/p>\n","protected":false},"excerpt":{"rendered":"<p>A restri\u00e7\u00e3o de dinheiro em caixa provocada pelos gastos com a pandemia do novo coronav\u00edrus dever\u00e1 fazer o Tesouro Nacional pedir transfer\u00eancia de recursos cambiais excedentes do Banco Central (BC), disse na ter\u00e7a-feira (18) o novo secret\u00e1rio do \u00f3rg\u00e3o, Bruno Funchal. Segundo ele, o pedido ser\u00e1 feito ao Conselho Monet\u00e1rio Nacional provavelmente ainda este m\u00eas. [&hellip;]<\/p>\n","protected":false},"author":96,"featured_media":167154,"comment_status":"closed","ping_status":"closed","sticky":false,"template":"","format":"standard","meta":{"footnotes":""},"categories":[436,261,439],"tags":[],"class_list":["post-167153","post","type-post","status-publish","format-standard","has-post-thumbnail","hentry","category-destaque-da-semana","category-economia","category-ultima-hora"],"_links":{"self":[{"href":"https:\/\/diarioregionaldigital.com.br\/index.php?rest_route=\/wp\/v2\/posts\/167153","targetHints":{"allow":["GET"]}}],"collection":[{"href":"https:\/\/diarioregionaldigital.com.br\/index.php?rest_route=\/wp\/v2\/posts"}],"about":[{"href":"https:\/\/diarioregionaldigital.com.br\/index.php?rest_route=\/wp\/v2\/types\/post"}],"author":[{"embeddable":true,"href":"https:\/\/diarioregionaldigital.com.br\/index.php?rest_route=\/wp\/v2\/users\/96"}],"replies":[{"embeddable":true,"href":"https:\/\/diarioregionaldigital.com.br\/index.php?rest_route=%2Fwp%2Fv2%2Fcomments&post=167153"}],"version-history":[{"count":0,"href":"https:\/\/diarioregionaldigital.com.br\/index.php?rest_route=\/wp\/v2\/posts\/167153\/revisions"}],"wp:featuredmedia":[{"embeddable":true,"href":"https:\/\/diarioregionaldigital.com.br\/index.php?rest_route=\/wp\/v2\/media\/167154"}],"wp:attachment":[{"href":"https:\/\/diarioregionaldigital.com.br\/index.php?rest_route=%2Fwp%2Fv2%2Fmedia&parent=167153"}],"wp:term":[{"taxonomy":"category","embeddable":true,"href":"https:\/\/diarioregionaldigital.com.br\/index.php?rest_route=%2Fwp%2Fv2%2Fcategories&post=167153"},{"taxonomy":"post_tag","embeddable":true,"href":"https:\/\/diarioregionaldigital.com.br\/index.php?rest_route=%2Fwp%2Fv2%2Ftags&post=167153"}],"curies":[{"name":"wp","href":"https:\/\/api.w.org\/{rel}","templated":true}]}}