{"id":167150,"date":"2020-08-19T10:47:07","date_gmt":"2020-08-19T13:47:07","guid":{"rendered":"https:\/\/diarioregionaldigital.com.br\/?p=167150"},"modified":"2020-08-19T10:47:07","modified_gmt":"2020-08-19T13:47:07","slug":"caixa-paga-auxilio-emergencial-para-59-milhoes-de-beneficiarios","status":"publish","type":"post","link":"https:\/\/diarioregionaldigital.com.br\/?p=167150","title":{"rendered":"Caixa paga aux\u00edlio emergencial para 5,9 milh\u00f5es de benefici\u00e1rios"},"content":{"rendered":"<p>A\u00a0Caixa\u00a0credita\u00a0hoje\u00a0(19) aux\u00edlio emergencial para cerca de 5,9 milh\u00f5es de benefici\u00e1rios. S\u00e3o 3,9 milh\u00f5es de pessoas nascidas em outubro que j\u00e1 tinham a programa\u00e7\u00e3o de receber nesta data. Mais\u00a096 mil s\u00e3o novos benefici\u00e1rios ou pessoas que tiveram o cadastro reavaliado pelo governo. H\u00e1 ainda o pagamento para 1,9 milh\u00e3o de benefici\u00e1rios do Bolsa Fam\u00edlia.<img decoding=\"async\" src=\"https:\/\/agenciabrasil.ebc.com.br\/ebc.png?id=1314160&amp;o=node\" \/><img decoding=\"async\" src=\"https:\/\/agenciabrasil.ebc.com.br\/ebc.gif?id=1314160&amp;o=node\" \/><\/p>\n<p>O aux\u00edlio, com parcelas de R$ 600 (R$ 1,2 mil para m\u00e3es solteiras), foi criado para reduzir os efeitos da crise econ\u00f4mica causada pela pandemia da covid-19. At\u00e9 o dia\u00a018 de agosto, a Caixa pagou R$ 161 bilh\u00f5es para 66,4 milh\u00f5es de benefici\u00e1rios. Foram R$ 73,1 bilh\u00f5es a 36,7 milh\u00f5es de trabalhadores informais, que se cadastraram pelo aplicativo ou pelo\u00a0<em>site<\/em>\u00a0do aux\u00edlio emergencial. Os 19,2 milh\u00f5es de benefici\u00e1rios do Bolsa Fam\u00edlia receberam R$ 62,2 bilh\u00f5es, e 10,5 milh\u00f5es de inscritos no\u00a0Cadastro \u00danico\u00a0de Programas Sociais do Governo Federal (Cad\u00danico) receberam R$ 25,7 bilh\u00f5es.<\/p>\n<p><strong>Cr\u00e9dito na poupan\u00e7a social<\/strong><\/p>\n<p>A Caixa tem disponibilizado o aux\u00edlio para aqueles que est\u00e3o no Cad\u00danico ou se cadastraram pelo\u00a0<em>site<\/em>\u00a0ou aplicativo em uma poupan\u00e7a digital. Essa poupan\u00e7a \u00e9 acess\u00edvel pelo aplicativo\u00a0Caixa Tem, por meio do qual \u00e9 poss\u00edvel fazer compras\u00a0<em>online<\/em>\u00a0em estabelecimentos autorizados e pagar boletos.<\/p>\n<p>O saque em dinheiro do benef\u00edcio, em uma ag\u00eancia do banco, \u00e9 autorizado posteriormente, conforme calend\u00e1rio definido pelo governo, considerando o m\u00eas de nascimento do benefici\u00e1rio. As transfer\u00eancias para outros bancos ou para contas na pr\u00f3pria Caixa seguem o mesmo calend\u00e1rio de saque. Nesse caso, os recursos s\u00e3o transferidos automaticamente para as contas indicadas pelo benefici\u00e1rio.<\/p>\n<p><strong>Ciclo 1<\/strong><\/p>\n<p>O cr\u00e9dito para os benefici\u00e1rios nascidos em outubro faz parte do Ciclo 1 de pagamentos do aux\u00edlio emergencial. Os saques e transfer\u00eancias estar\u00e3o liberados no dia\u00a012 de setembro.<\/p>\n<p>No ciclo 1, o cr\u00e9dito na poupan\u00e7a social da Caixa est\u00e1 agendado para o per\u00edodo de\u00a022 de julho\u00a0a\u00a026 de agosto, conforme o m\u00eas de nascimento. Os saques e transfer\u00eancias est\u00e3o sendo feitos de\u00a025 de julho\u00a0a\u00a017 de setembro.<\/p>\n<p><strong>Novos eleg\u00edveis<\/strong><\/p>\n<p>O calend\u00e1rio de pagamento para os benefici\u00e1rios que tiveram o pedido de aux\u00edlio emergencial reavaliado ou s\u00e3o novos eleg\u00edveis foi publicado no\u00a0<em>Di\u00e1rio Oficial da Uni\u00e3o<\/em>\u00a0no dia 3 deste m\u00eas. Segundo a Caixa, nesse calend\u00e1rio, aprovado pelo governo, foram inclu\u00eddos 805 mil novos benefici\u00e1rios que e recebem a parcela 1. Al\u00e9m dessas pessoas, 345 mil tiveram o cadastro reavaliado e receber\u00e3o as parcelas 3 e 4 do aux\u00edlio.<\/p>\n<p>Hoje\u00a0ser\u00e1 feito o dep\u00f3sito na poupan\u00e7a social para 96 mil benefici\u00e1rios nascidos em\u00a0outubro. Os saques e as transfer\u00eancias poder\u00e3o ser feitos no dia\u00a012 de setembro.<\/p>\n<p><strong>Bolsa Fam\u00edlia<\/strong><\/p>\n<p>A Caixa Econ\u00f4mica Federal iniciou\u00a0ontem\u00a0(18) o pagamento da\u00a0quinta\u00a0e \u00faltima parcela do aux\u00edlio emergencial para benefici\u00e1rios do programa Bolsa Fam\u00edlia.<\/p>\n<p>O pagamento para esse p\u00fablico \u00e9 feito conforme o calend\u00e1rio usual do programa Bolsa Fam\u00edlia. Os primeiros a receber foram os benefici\u00e1rios com NIS final 1.\u00a0Hoje\u00a0(19), \u00e9 a vez daqueles com NIS final 2, nesta quinta-feira (20), NIS final 3, e assim por diante, com exce\u00e7\u00e3o do final de semana quando n\u00e3o h\u00e1 pagamentos, at\u00e9 o dia\u00a031 de agosto, quando ser\u00e1 liberado o saque para os benefici\u00e1rios com NIS final 0. Ser\u00e3o 1,9 milh\u00e3o de benefici\u00e1rios por dia.<\/p>\n<p><strong>Fonte:<\/strong> Ag\u00eancia Brasil<\/p>\n","protected":false},"excerpt":{"rendered":"<p>A\u00a0Caixa\u00a0credita\u00a0hoje\u00a0(19) aux\u00edlio emergencial para cerca de 5,9 milh\u00f5es de benefici\u00e1rios. S\u00e3o 3,9 milh\u00f5es de pessoas nascidas em outubro que j\u00e1 tinham a programa\u00e7\u00e3o de receber nesta data. Mais\u00a096 mil s\u00e3o novos benefici\u00e1rios ou pessoas que tiveram o cadastro reavaliado pelo governo. H\u00e1 ainda o pagamento para 1,9 milh\u00e3o de benefici\u00e1rios do Bolsa Fam\u00edlia. O aux\u00edlio, [&hellip;]<\/p>\n","protected":false},"author":96,"featured_media":167151,"comment_status":"closed","ping_status":"closed","sticky":false,"template":"","format":"standard","meta":{"footnotes":""},"categories":[436,261,439],"tags":[],"class_list":["post-167150","post","type-post","status-publish","format-standard","has-post-thumbnail","hentry","category-destaque-da-semana","category-economia","category-ultima-hora"],"_links":{"self":[{"href":"https:\/\/diarioregionaldigital.com.br\/index.php?rest_route=\/wp\/v2\/posts\/167150","targetHints":{"allow":["GET"]}}],"collection":[{"href":"https:\/\/diarioregionaldigital.com.br\/index.php?rest_route=\/wp\/v2\/posts"}],"about":[{"href":"https:\/\/diarioregionaldigital.com.br\/index.php?rest_route=\/wp\/v2\/types\/post"}],"author":[{"embeddable":true,"href":"https:\/\/diarioregionaldigital.com.br\/index.php?rest_route=\/wp\/v2\/users\/96"}],"replies":[{"embeddable":true,"href":"https:\/\/diarioregionaldigital.com.br\/index.php?rest_route=%2Fwp%2Fv2%2Fcomments&post=167150"}],"version-history":[{"count":0,"href":"https:\/\/diarioregionaldigital.com.br\/index.php?rest_route=\/wp\/v2\/posts\/167150\/revisions"}],"wp:featuredmedia":[{"embeddable":true,"href":"https:\/\/diarioregionaldigital.com.br\/index.php?rest_route=\/wp\/v2\/media\/167151"}],"wp:attachment":[{"href":"https:\/\/diarioregionaldigital.com.br\/index.php?rest_route=%2Fwp%2Fv2%2Fmedia&parent=167150"}],"wp:term":[{"taxonomy":"category","embeddable":true,"href":"https:\/\/diarioregionaldigital.com.br\/index.php?rest_route=%2Fwp%2Fv2%2Fcategories&post=167150"},{"taxonomy":"post_tag","embeddable":true,"href":"https:\/\/diarioregionaldigital.com.br\/index.php?rest_route=%2Fwp%2Fv2%2Ftags&post=167150"}],"curies":[{"name":"wp","href":"https:\/\/api.w.org\/{rel}","templated":true}]}}