{"id":167147,"date":"2020-08-19T10:43:47","date_gmt":"2020-08-19T13:43:47","guid":{"rendered":"https:\/\/diarioregionaldigital.com.br\/?p=167147"},"modified":"2020-08-19T10:43:47","modified_gmt":"2020-08-19T13:43:47","slug":"bolsonaro-sanciona-medida-que-concede-r-16-bi-a-estados-e-municipios","status":"publish","type":"post","link":"https:\/\/diarioregionaldigital.com.br\/?p=167147","title":{"rendered":"Bolsonaro sanciona medida que concede R$ 16 bi a estados e munic\u00edpios"},"content":{"rendered":"<p><span style=\"font-weight: 400;\">O presidente Jair Bolsonaro sancionou nessa ter\u00e7a-feira (18) a Medida Provis\u00f3ria (MP) 938, que destina R$ 16 bilh\u00f5es para refor\u00e7ar o repasse da Uni\u00e3o aos fundos de Participa\u00e7\u00e3o dos Estados e dos Munic\u00edpios (FPE e FPM), em raz\u00e3o de perdas na arrecada\u00e7\u00e3o em fun\u00e7\u00e3o da pandemia de covid-19. <\/span><\/p>\n<p><span style=\"font-weight: 400;\">O c\u00e1lculo dessa compensa\u00e7\u00e3o foi feito pela diferen\u00e7a entre a arrecada\u00e7\u00e3o dos impostos de Renda (IR) e sobre Produtos Industrializados (IPI) nos per\u00edodos de mar\u00e7o a novembro de 2019 e de 2020. Pela Constitui\u00e7\u00e3o, a Uni\u00e3o deve repassar mensalmente aos estados 21,5% do valor arrecadado com esses impostos aos estados (FPE) e 24,5% aos munic\u00edpios (FPM). A necessidade da compensa\u00e7\u00e3o federal vem da queda na arrecada\u00e7\u00e3o desses dois impostos que, consequentemente, acabou reduzindo os repasses dos fundos.\u00a0<\/span><\/p>\n<p><span style=\"font-weight: 400;\">Em nota, a Secretaria-Geral da Presid\u00eancia da Rep\u00fablica informou que o projeto aprovado amplia o prazo da compensa\u00e7\u00e3o para os meses de julho a novembro, com o limite mensal para repasses de at\u00e9 aproximadamente R$ 2 bilh\u00f5es a partir do m\u00eas de julho deste ano.<\/span><\/p>\n<p><span style=\"font-weight: 400;\">A pasta tamb\u00e9m informou que o presidente vetou um dos dispositivos da MP, que impedia o retorno dos saldos sobressalentes do apoio financeiro aos estados e munic\u00edpios para os cofres da Uni\u00e3o, &#8220;por extrapolar o objeto da medida&#8221;, que visou apenas compensa\u00e7\u00e3o de perdas com arrecada\u00e7\u00e3o dos entes. &#8220;Tal medida estava em descompasso com o atual contexto de restri\u00e7\u00e3o fiscal, ao permitir um incremento no valor dos repasses aos fundos de participa\u00e7\u00e3o em montantes superiores aos valores de 2019&#8221;, diz a nota.<\/span><\/p>\n<p><strong>Fonte:<\/strong> Ag\u00eancia Brasil<\/p>\n","protected":false},"excerpt":{"rendered":"<p>O presidente Jair Bolsonaro sancionou nessa ter\u00e7a-feira (18) a Medida Provis\u00f3ria (MP) 938, que destina R$ 16 bilh\u00f5es para refor\u00e7ar o repasse da Uni\u00e3o aos fundos de Participa\u00e7\u00e3o dos Estados e dos Munic\u00edpios (FPE e FPM), em raz\u00e3o de perdas na arrecada\u00e7\u00e3o em fun\u00e7\u00e3o da pandemia de covid-19. O c\u00e1lculo dessa compensa\u00e7\u00e3o foi feito pela [&hellip;]<\/p>\n","protected":false},"author":96,"featured_media":167148,"comment_status":"closed","ping_status":"closed","sticky":false,"template":"","format":"standard","meta":{"footnotes":""},"categories":[436,261,439],"tags":[],"class_list":["post-167147","post","type-post","status-publish","format-standard","has-post-thumbnail","hentry","category-destaque-da-semana","category-economia","category-ultima-hora"],"_links":{"self":[{"href":"https:\/\/diarioregionaldigital.com.br\/index.php?rest_route=\/wp\/v2\/posts\/167147","targetHints":{"allow":["GET"]}}],"collection":[{"href":"https:\/\/diarioregionaldigital.com.br\/index.php?rest_route=\/wp\/v2\/posts"}],"about":[{"href":"https:\/\/diarioregionaldigital.com.br\/index.php?rest_route=\/wp\/v2\/types\/post"}],"author":[{"embeddable":true,"href":"https:\/\/diarioregionaldigital.com.br\/index.php?rest_route=\/wp\/v2\/users\/96"}],"replies":[{"embeddable":true,"href":"https:\/\/diarioregionaldigital.com.br\/index.php?rest_route=%2Fwp%2Fv2%2Fcomments&post=167147"}],"version-history":[{"count":0,"href":"https:\/\/diarioregionaldigital.com.br\/index.php?rest_route=\/wp\/v2\/posts\/167147\/revisions"}],"wp:featuredmedia":[{"embeddable":true,"href":"https:\/\/diarioregionaldigital.com.br\/index.php?rest_route=\/wp\/v2\/media\/167148"}],"wp:attachment":[{"href":"https:\/\/diarioregionaldigital.com.br\/index.php?rest_route=%2Fwp%2Fv2%2Fmedia&parent=167147"}],"wp:term":[{"taxonomy":"category","embeddable":true,"href":"https:\/\/diarioregionaldigital.com.br\/index.php?rest_route=%2Fwp%2Fv2%2Fcategories&post=167147"},{"taxonomy":"post_tag","embeddable":true,"href":"https:\/\/diarioregionaldigital.com.br\/index.php?rest_route=%2Fwp%2Fv2%2Ftags&post=167147"}],"curies":[{"name":"wp","href":"https:\/\/api.w.org\/{rel}","templated":true}]}}