{"id":167141,"date":"2020-08-19T10:27:01","date_gmt":"2020-08-19T13:27:01","guid":{"rendered":"https:\/\/diarioregionaldigital.com.br\/?p=167141"},"modified":"2020-08-19T10:27:01","modified_gmt":"2020-08-19T13:27:01","slug":"estado-passa-da-marca-de-180-mil-casos-confirmados-por-coronavirus","status":"publish","type":"post","link":"https:\/\/diarioregionaldigital.com.br\/?p=167141","title":{"rendered":"Estado passa da marca de 180 mil casos confirmados por Coronav\u00edrus"},"content":{"rendered":"<p>A Secretaria de Estado da Sa\u00fade de Minas Gerais (SES-MG), informa em\u00a0<a href=\"https:\/\/www.saude.mg.gov.br\/images\/1_noticias\/10_2020\/1_jul-ago-set\/19-08-Boletim_Epidemiologico_COVID-19.pdf\">boletim epidemiol\u00f3gico<\/a> desta quarta-feira (19), que o estado chegou a marca de 181.158 casos confirmados. Na compara\u00e7\u00e3o com o levantamento de ontem (18), houve aumento de 3.371 novos casos. Al\u00e9m disso, foram registradas mais 130 mortes, contabilizando 4.436. O boletim diz que 2.534 v\u00edtimas s\u00e3o do sexo masculino e 1.902 s\u00e3o do feminino.<\/p>\n<p>Conforme os dados, 147.246 pacientes est\u00e3o recuperados da doen\u00e7a, representando 81,2% dos casos. Al\u00e9m disso, 29.476 fazem acompanhamento m\u00e9dico. At\u00e9 ent\u00e3o foram feitos 94.856 testes laboratoriais, sendo que 23.635 deram positivo, 68.378 deram negativo e 1.182 est\u00e3o sob an\u00e1lise.<\/p>\n<p>Quanto aos dados de hospitaliza\u00e7\u00e3o, 19.371 pacientes infectados est\u00e3o internados em hospitais e 161.787 fazem isolamento domiciliar.<\/p>\n","protected":false},"excerpt":{"rendered":"<p>A Secretaria de Estado da Sa\u00fade de Minas Gerais (SES-MG), informa em\u00a0boletim epidemiol\u00f3gico desta quarta-feira (19), que o estado chegou a marca de 181.158 casos confirmados. Na compara\u00e7\u00e3o com o levantamento de ontem (18), houve aumento de 3.371 novos casos. Al\u00e9m disso, foram registradas mais 130 mortes, contabilizando 4.436. O boletim diz que 2.534 v\u00edtimas [&hellip;]<\/p>\n","protected":false},"author":96,"featured_media":165209,"comment_status":"closed","ping_status":"closed","sticky":false,"template":"","format":"standard","meta":{"footnotes":""},"categories":[436,440,252,439],"tags":[],"class_list":["post-167141","post","type-post","status-publish","format-standard","has-post-thumbnail","hentry","category-destaque-da-semana","category-destaques-do-dia","category-regiao","category-ultima-hora"],"_links":{"self":[{"href":"https:\/\/diarioregionaldigital.com.br\/index.php?rest_route=\/wp\/v2\/posts\/167141","targetHints":{"allow":["GET"]}}],"collection":[{"href":"https:\/\/diarioregionaldigital.com.br\/index.php?rest_route=\/wp\/v2\/posts"}],"about":[{"href":"https:\/\/diarioregionaldigital.com.br\/index.php?rest_route=\/wp\/v2\/types\/post"}],"author":[{"embeddable":true,"href":"https:\/\/diarioregionaldigital.com.br\/index.php?rest_route=\/wp\/v2\/users\/96"}],"replies":[{"embeddable":true,"href":"https:\/\/diarioregionaldigital.com.br\/index.php?rest_route=%2Fwp%2Fv2%2Fcomments&post=167141"}],"version-history":[{"count":0,"href":"https:\/\/diarioregionaldigital.com.br\/index.php?rest_route=\/wp\/v2\/posts\/167141\/revisions"}],"wp:featuredmedia":[{"embeddable":true,"href":"https:\/\/diarioregionaldigital.com.br\/index.php?rest_route=\/wp\/v2\/media\/165209"}],"wp:attachment":[{"href":"https:\/\/diarioregionaldigital.com.br\/index.php?rest_route=%2Fwp%2Fv2%2Fmedia&parent=167141"}],"wp:term":[{"taxonomy":"category","embeddable":true,"href":"https:\/\/diarioregionaldigital.com.br\/index.php?rest_route=%2Fwp%2Fv2%2Fcategories&post=167141"},{"taxonomy":"post_tag","embeddable":true,"href":"https:\/\/diarioregionaldigital.com.br\/index.php?rest_route=%2Fwp%2Fv2%2Ftags&post=167141"}],"curies":[{"name":"wp","href":"https:\/\/api.w.org\/{rel}","templated":true}]}}