{"id":167116,"date":"2020-08-19T06:00:11","date_gmt":"2020-08-19T09:00:11","guid":{"rendered":"https:\/\/diarioregionaldigital.com.br\/?p=167116"},"modified":"2020-08-19T01:30:04","modified_gmt":"2020-08-19T04:30:04","slug":"atualidade","status":"publish","type":"post","link":"https:\/\/diarioregionaldigital.com.br\/?p=167116","title":{"rendered":"Atualidade"},"content":{"rendered":"<p style=\"text-align: center;\"><strong>Noticia<\/strong><\/p>\n<p style=\"text-align: center;\">Apertando parafusos not\u00edcia chega avisando que a previs\u00e3o da equipe econ\u00f4mica \u00e9 que o texto final da reforma tribut\u00e1ria fique pronta nos pr\u00f3ximos dias. O texto incluir\u00e1 a taxa\u00e7\u00e3o dos dividendos, da qual Paulo Guedes n\u00e3o abre m\u00e3o.<\/p>\n<p style=\"text-align: center;\"><strong>D\u00f3-R\u00e9-M\u00ed -F\u00e1<\/strong><\/p>\n<p style=\"text-align: center;\">Com a tecnologia em alta, pela primeira vez, o Festival de m\u00fasica Colonial Brasileira e M\u00fasica Antiga ter\u00e1 uma edi\u00e7\u00e3o virtual, entre os dias 21 a 30 de novembro. J\u00e1 confirmaram presen\u00e7a, o cravista Edmundo Hora, os Chilenos Cristian Gutierrez, Luciano Taulis e Ant\u00f4nio Sanchez.<\/p>\n<p style=\"text-align: center;\"><strong>Olha Elaaaa&#8230;<\/strong><\/p>\n<p style=\"text-align: center;\">Jogando nas onze e depois de se aventurar em um disco de pagode, a cantora Ludmilla vai aparecer cantando em espanhol pela primeira vez. A cantora gravou o clipe de \u201cPecado\u201d, bolero de Andr\u00e9s Bahr, Enrique Francini e Armando Puntunero. A regrava\u00e7\u00e3o do cl\u00e1ssico foi produzido especialmente para a trilha sonora de \u201cVeneza\u201d, filme de Miguel Falabella.<\/p>\n<p style=\"text-align: center;\"><span style=\"font-size: 14pt;\"><strong>Atualidade<\/strong><\/span><\/p>\n<p style=\"text-align: center;\">A professora Maristela Rocha participa do \u201cI Congresso Internacional de Ci\u00eancias Sociais Aplicadas\u201d, da Rede de Ensino Doctum, como debatedora do GT \u201cSociologia e Desigualdade Social\u201d, al\u00e9m de apresentar o trabalho \u201cPodcasts em ambiente corporativo: estrat\u00e9gia de marketing cresce no Brasil\u201d no GT \u201cEstrat\u00e9gias em Organiza\u00e7\u00f5es\u201d. O evento acontece entre os dias 18 e 21 de agosto.<\/p>\n<div id=\"attachment_167112\" style=\"width: 690px\" class=\"wp-caption aligncenter\"><img loading=\"lazy\" decoding=\"async\" aria-describedby=\"caption-attachment-167112\" class=\"wp-image-167112\" src=\"https:\/\/diarioregionaldigital.com.br\/wp-content\/uploads\/2020\/08\/fotoi-4-e1597805670332.jpg\" alt=\"\" width=\"680\" height=\"491\" srcset=\"https:\/\/diarioregionaldigital.com.br\/wp-content\/uploads\/2020\/08\/fotoi-4-e1597805670332.jpg 851w, https:\/\/diarioregionaldigital.com.br\/wp-content\/uploads\/2020\/08\/fotoi-4-e1597805670332-300x216.jpg 300w, https:\/\/diarioregionaldigital.com.br\/wp-content\/uploads\/2020\/08\/fotoi-4-e1597805670332-768x554.jpg 768w, https:\/\/diarioregionaldigital.com.br\/wp-content\/uploads\/2020\/08\/fotoi-4-e1597805670332-360x260.jpg 360w\" sizes=\"auto, (max-width: 680px) 100vw, 680px\" \/><p id=\"caption-attachment-167112\" class=\"wp-caption-text\">A eleg\u00e2ncia do administrador p\u00fablico Wesley Cardoso<\/p><\/div>\n<div id=\"attachment_167103\" style=\"width: 690px\" class=\"wp-caption aligncenter\"><img loading=\"lazy\" decoding=\"async\" aria-describedby=\"caption-attachment-167103\" class=\"wp-image-167103\" src=\"https:\/\/diarioregionaldigital.com.br\/wp-content\/uploads\/2020\/08\/fotoa-9-e1597808486142.jpg\" alt=\"\" width=\"680\" height=\"462\" srcset=\"https:\/\/diarioregionaldigital.com.br\/wp-content\/uploads\/2020\/08\/fotoa-9-e1597808486142.jpg 864w, https:\/\/diarioregionaldigital.com.br\/wp-content\/uploads\/2020\/08\/fotoa-9-e1597808486142-300x204.jpg 300w, https:\/\/diarioregionaldigital.com.br\/wp-content\/uploads\/2020\/08\/fotoa-9-e1597808486142-768x522.jpg 768w, https:\/\/diarioregionaldigital.com.br\/wp-content\/uploads\/2020\/08\/fotoa-9-e1597808486142-360x245.jpg 360w\" sizes=\"auto, (max-width: 680px) 100vw, 680px\" \/><p id=\"caption-attachment-167103\" class=\"wp-caption-text\">O inverno fashion da fot\u00f3grafa e produtora de moda do site Oclick, Cl\u00e1udia Nunes<\/p><\/div>\n<div id=\"attachment_167106\" style=\"width: 690px\" class=\"wp-caption aligncenter\"><img loading=\"lazy\" decoding=\"async\" aria-describedby=\"caption-attachment-167106\" class=\"wp-image-167106\" src=\"https:\/\/diarioregionaldigital.com.br\/wp-content\/uploads\/2020\/08\/fotoc-9-e1597805958128.jpg\" alt=\"\" width=\"680\" height=\"508\" srcset=\"https:\/\/diarioregionaldigital.com.br\/wp-content\/uploads\/2020\/08\/fotoc-9-e1597805958128.jpg 676w, https:\/\/diarioregionaldigital.com.br\/wp-content\/uploads\/2020\/08\/fotoc-9-e1597805958128-300x224.jpg 300w, https:\/\/diarioregionaldigital.com.br\/wp-content\/uploads\/2020\/08\/fotoc-9-e1597805958128-360x269.jpg 360w\" sizes=\"auto, (max-width: 680px) 100vw, 680px\" \/><p id=\"caption-attachment-167106\" class=\"wp-caption-text\">O coiffeur de astros e estrelas Leandro Calixto mostra sua for\u00e7a m\u00e1xima em seu ponto da beleza<\/p><\/div>\n<div id=\"attachment_167104\" style=\"width: 690px\" class=\"wp-caption aligncenter\"><img loading=\"lazy\" decoding=\"async\" aria-describedby=\"caption-attachment-167104\" class=\"wp-image-167104\" src=\"https:\/\/diarioregionaldigital.com.br\/wp-content\/uploads\/2020\/08\/fotoaa-1-e1597806028330.jpg\" alt=\"\" width=\"680\" height=\"493\" srcset=\"https:\/\/diarioregionaldigital.com.br\/wp-content\/uploads\/2020\/08\/fotoaa-1-e1597806028330.jpg 1005w, https:\/\/diarioregionaldigital.com.br\/wp-content\/uploads\/2020\/08\/fotoaa-1-e1597806028330-300x218.jpg 300w, https:\/\/diarioregionaldigital.com.br\/wp-content\/uploads\/2020\/08\/fotoaa-1-e1597806028330-768x557.jpg 768w, https:\/\/diarioregionaldigital.com.br\/wp-content\/uploads\/2020\/08\/fotoaa-1-e1597806028330-360x261.jpg 360w\" sizes=\"auto, (max-width: 680px) 100vw, 680px\" \/><p id=\"caption-attachment-167104\" class=\"wp-caption-text\">A bonita Laleska Delgado em sua Maison de beleza e est\u00e9tica<\/p><\/div>\n<div id=\"attachment_167105\" style=\"width: 690px\" class=\"wp-caption aligncenter\"><img loading=\"lazy\" decoding=\"async\" aria-describedby=\"caption-attachment-167105\" class=\"wp-image-167105\" src=\"https:\/\/diarioregionaldigital.com.br\/wp-content\/uploads\/2020\/08\/fotob-8-e1597805992700.jpg\" alt=\"\" width=\"680\" height=\"530\" srcset=\"https:\/\/diarioregionaldigital.com.br\/wp-content\/uploads\/2020\/08\/fotob-8-e1597805992700.jpg 714w, https:\/\/diarioregionaldigital.com.br\/wp-content\/uploads\/2020\/08\/fotob-8-e1597805992700-300x234.jpg 300w, https:\/\/diarioregionaldigital.com.br\/wp-content\/uploads\/2020\/08\/fotob-8-e1597805992700-360x280.jpg 360w\" sizes=\"auto, (max-width: 680px) 100vw, 680px\" \/><p id=\"caption-attachment-167105\" class=\"wp-caption-text\">Um foco de luz na bonita Fabr\u00edcia Meirelles Pires Souza, antes da pandemia<\/p><\/div>\n<div id=\"attachment_167111\" style=\"width: 690px\" class=\"wp-caption aligncenter\"><img loading=\"lazy\" decoding=\"async\" aria-describedby=\"caption-attachment-167111\" class=\"wp-image-167111\" src=\"https:\/\/diarioregionaldigital.com.br\/wp-content\/uploads\/2020\/08\/fotoh-7-e1597805711494.jpg\" alt=\"\" width=\"680\" height=\"556\" srcset=\"https:\/\/diarioregionaldigital.com.br\/wp-content\/uploads\/2020\/08\/fotoh-7-e1597805711494.jpg 1439w, https:\/\/diarioregionaldigital.com.br\/wp-content\/uploads\/2020\/08\/fotoh-7-e1597805711494-300x245.jpg 300w, https:\/\/diarioregionaldigital.com.br\/wp-content\/uploads\/2020\/08\/fotoh-7-e1597805711494-1024x838.jpg 1024w, https:\/\/diarioregionaldigital.com.br\/wp-content\/uploads\/2020\/08\/fotoh-7-e1597805711494-768x628.jpg 768w, https:\/\/diarioregionaldigital.com.br\/wp-content\/uploads\/2020\/08\/fotoh-7-e1597805711494-220x180.jpg 220w, https:\/\/diarioregionaldigital.com.br\/wp-content\/uploads\/2020\/08\/fotoh-7-e1597805711494-360x294.jpg 360w\" sizes=\"auto, (max-width: 680px) 100vw, 680px\" \/><p id=\"caption-attachment-167111\" class=\"wp-caption-text\">Em destaque o casal de fogueteiros: Marco Sa\u00e7\u00e7o e Poliana Sa\u00e7\u00e7o<\/p><\/div>\n<div id=\"attachment_167108\" style=\"width: 722px\" class=\"wp-caption aligncenter\"><img loading=\"lazy\" decoding=\"async\" aria-describedby=\"caption-attachment-167108\" class=\"size-full wp-image-167108\" src=\"https:\/\/diarioregionaldigital.com.br\/wp-content\/uploads\/2020\/08\/fotoe-10-e1597805860568.jpg\" alt=\"\" width=\"712\" height=\"515\" srcset=\"https:\/\/diarioregionaldigital.com.br\/wp-content\/uploads\/2020\/08\/fotoe-10-e1597805860568.jpg 712w, https:\/\/diarioregionaldigital.com.br\/wp-content\/uploads\/2020\/08\/fotoe-10-e1597805860568-300x217.jpg 300w, https:\/\/diarioregionaldigital.com.br\/wp-content\/uploads\/2020\/08\/fotoe-10-e1597805860568-360x260.jpg 360w\" sizes=\"auto, (max-width: 712px) 100vw, 712px\" \/><p id=\"caption-attachment-167108\" class=\"wp-caption-text\">Gente querida visitando esta coluna social: Ivete Gomes e Padre Pierre<\/p><\/div>\n<div id=\"attachment_167109\" style=\"width: 690px\" class=\"wp-caption aligncenter\"><img loading=\"lazy\" decoding=\"async\" aria-describedby=\"caption-attachment-167109\" class=\"wp-image-167109\" src=\"https:\/\/diarioregionaldigital.com.br\/wp-content\/uploads\/2020\/08\/fotof-8-e1597805807729.jpg\" alt=\"\" width=\"680\" height=\"495\" srcset=\"https:\/\/diarioregionaldigital.com.br\/wp-content\/uploads\/2020\/08\/fotof-8-e1597805807729.jpg 912w, https:\/\/diarioregionaldigital.com.br\/wp-content\/uploads\/2020\/08\/fotof-8-e1597805807729-300x218.jpg 300w, https:\/\/diarioregionaldigital.com.br\/wp-content\/uploads\/2020\/08\/fotof-8-e1597805807729-768x559.jpg 768w, https:\/\/diarioregionaldigital.com.br\/wp-content\/uploads\/2020\/08\/fotof-8-e1597805807729-360x262.jpg 360w\" sizes=\"auto, (max-width: 680px) 100vw, 680px\" \/><p id=\"caption-attachment-167109\" class=\"wp-caption-text\">\u00c9zio Gravina e \u00c2ngela Gravina, em ritmo de festa Julina em 2019<\/p><\/div>\n<div id=\"attachment_167107\" style=\"width: 690px\" class=\"wp-caption aligncenter\"><img loading=\"lazy\" decoding=\"async\" aria-describedby=\"caption-attachment-167107\" class=\"wp-image-167107\" src=\"https:\/\/diarioregionaldigital.com.br\/wp-content\/uploads\/2020\/08\/fotod-9-e1597805917877.jpg\" alt=\"\" width=\"680\" height=\"509\" srcset=\"https:\/\/diarioregionaldigital.com.br\/wp-content\/uploads\/2020\/08\/fotod-9-e1597805917877.jpg 679w, https:\/\/diarioregionaldigital.com.br\/wp-content\/uploads\/2020\/08\/fotod-9-e1597805917877-300x224.jpg 300w, https:\/\/diarioregionaldigital.com.br\/wp-content\/uploads\/2020\/08\/fotod-9-e1597805917877-360x269.jpg 360w\" sizes=\"auto, (max-width: 680px) 100vw, 680px\" \/><p id=\"caption-attachment-167107\" class=\"wp-caption-text\">Jorge Modesto com o aniversariante de destaque do m\u00eas, o arquiteto Rodrigo B\u00edssoli<\/p><\/div>\n<div id=\"attachment_167110\" style=\"width: 690px\" class=\"wp-caption aligncenter\"><img loading=\"lazy\" decoding=\"async\" aria-describedby=\"caption-attachment-167110\" class=\"wp-image-167110\" src=\"https:\/\/diarioregionaldigital.com.br\/wp-content\/uploads\/2020\/08\/fotog-8-e1597805773282.jpg\" alt=\"\" width=\"680\" height=\"484\" srcset=\"https:\/\/diarioregionaldigital.com.br\/wp-content\/uploads\/2020\/08\/fotog-8-e1597805773282.jpg 1812w, https:\/\/diarioregionaldigital.com.br\/wp-content\/uploads\/2020\/08\/fotog-8-e1597805773282-300x214.jpg 300w, https:\/\/diarioregionaldigital.com.br\/wp-content\/uploads\/2020\/08\/fotog-8-e1597805773282-1024x729.jpg 1024w, https:\/\/diarioregionaldigital.com.br\/wp-content\/uploads\/2020\/08\/fotog-8-e1597805773282-768x547.jpg 768w, https:\/\/diarioregionaldigital.com.br\/wp-content\/uploads\/2020\/08\/fotog-8-e1597805773282-1536x1094.jpg 1536w, https:\/\/diarioregionaldigital.com.br\/wp-content\/uploads\/2020\/08\/fotog-8-e1597805773282-360x256.jpg 360w, https:\/\/diarioregionaldigital.com.br\/wp-content\/uploads\/2020\/08\/fotog-8-e1597805773282-100x70.jpg 100w\" sizes=\"auto, (max-width: 680px) 100vw, 680px\" \/><p id=\"caption-attachment-167110\" class=\"wp-caption-text\">Celebrando a reabertura das bancas de revistas e jornais, o incentivador e vereador Ant\u00f4nio Aguiar e G\u00fcilio Caruso<\/p><\/div>\n<p style=\"text-align: center;\"><strong>FOTOSS\u00cdNTESE<\/strong><\/p>\n<p>A bonita Lahys Varoto j\u00e1 est\u00e1 atendendo com sua compet\u00eancia na Sobrancelhas com Arte. Para marca o fone: 988081043.<\/p>\n<p>O show dos g\u00eameos Djs Marcos e Lucas Schimidt do projeto Dubdogs no Rio de Janeiro est\u00e1 sendo programado pela Spininn Records \u2013 a maior gravadora de m\u00fasica eletr\u00f4nica do mundo.<\/p>\n<p>Com a Central do Apito bombando foi agendado para 23 de Agosto, \u00e1s 18h, a parada gay LGBTQIA+ on line. A rainha ser\u00e1 a deslumbrante Titiago Capuzzo.<\/p>\n<p>Causando efeitos impactantes as lives do projeto Longevidade Talks, com a psic\u00f3loga Neide Magalh\u00e3es. Quem passou por l\u00e1 para falar sobre riscos cibern\u00e9ticos, foi a especialista Marta Helena Schuk.<\/p>\n<p>Para apresentar as \u00faltimas unidades do Reserva Ecoville, os empreendedores respons\u00e1veis receberam os donos de imobili\u00e1rias e corretores para um caf\u00e9 da manh\u00e3.<\/p>\n<p>O coiffeur Marcos Reink j\u00e1 lidera sua competente equipe de cabelereiros, manicure e tinturistas em sua Maison de beleza na rua: Floriano Peixoto, n\u00ba 656. Para marcar: 3217-7684.<\/p>\n<p>Correio Elegante: Abra\u00e7os afetuosos on-line para: Onila e Fernanda Falabella, Fl\u00e1via Mendes Gerhein, Gigi-Marie, Evil\u00e1sio Pina, Arone Souza e Rose Vidon.<\/p>\n<p>Futuro: O mundo p\u00f3s-Covid certamente ser\u00e1 outro ainda mais digitalizado, onde tributos do passado n\u00e3o ter\u00e3o mais lugar. Bom dia.<\/p>\n<p><img loading=\"lazy\" decoding=\"async\" class=\"aligncenter size-full wp-image-167115\" src=\"https:\/\/diarioregionaldigital.com.br\/wp-content\/uploads\/2020\/08\/anuncio87-scaled.jpg\" alt=\"\" width=\"2560\" height=\"970\" srcset=\"https:\/\/diarioregionaldigital.com.br\/wp-content\/uploads\/2020\/08\/anuncio87-scaled.jpg 2560w, https:\/\/diarioregionaldigital.com.br\/wp-content\/uploads\/2020\/08\/anuncio87-300x114.jpg 300w, https:\/\/diarioregionaldigital.com.br\/wp-content\/uploads\/2020\/08\/anuncio87-1024x388.jpg 1024w, https:\/\/diarioregionaldigital.com.br\/wp-content\/uploads\/2020\/08\/anuncio87-768x291.jpg 768w, https:\/\/diarioregionaldigital.com.br\/wp-content\/uploads\/2020\/08\/anuncio87-1536x582.jpg 1536w, https:\/\/diarioregionaldigital.com.br\/wp-content\/uploads\/2020\/08\/anuncio87-2048x776.jpg 2048w, https:\/\/diarioregionaldigital.com.br\/wp-content\/uploads\/2020\/08\/anuncio87-360x136.jpg 360w\" sizes=\"auto, (max-width: 2560px) 100vw, 2560px\" \/><\/p>\n","protected":false},"excerpt":{"rendered":"<p>Noticia Apertando parafusos not\u00edcia chega avisando que a previs\u00e3o da equipe econ\u00f4mica \u00e9 que o texto final da reforma tribut\u00e1ria fique pronta nos pr\u00f3ximos dias. O texto incluir\u00e1 a taxa\u00e7\u00e3o dos dividendos, da qual Paulo Guedes n\u00e3o abre m\u00e3o. D\u00f3-R\u00e9-M\u00ed -F\u00e1 Com a tecnologia em alta, pela primeira vez, o Festival de m\u00fasica Colonial Brasileira [&hellip;]<\/p>\n","protected":false},"author":96,"featured_media":167112,"comment_status":"closed","ping_status":"closed","sticky":false,"template":"","format":"standard","meta":{"footnotes":""},"categories":[264],"tags":[],"class_list":["post-167116","post","type-post","status-publish","format-standard","has-post-thumbnail","hentry","category-eduardo-gomes"],"_links":{"self":[{"href":"https:\/\/diarioregionaldigital.com.br\/index.php?rest_route=\/wp\/v2\/posts\/167116","targetHints":{"allow":["GET"]}}],"collection":[{"href":"https:\/\/diarioregionaldigital.com.br\/index.php?rest_route=\/wp\/v2\/posts"}],"about":[{"href":"https:\/\/diarioregionaldigital.com.br\/index.php?rest_route=\/wp\/v2\/types\/post"}],"author":[{"embeddable":true,"href":"https:\/\/diarioregionaldigital.com.br\/index.php?rest_route=\/wp\/v2\/users\/96"}],"replies":[{"embeddable":true,"href":"https:\/\/diarioregionaldigital.com.br\/index.php?rest_route=%2Fwp%2Fv2%2Fcomments&post=167116"}],"version-history":[{"count":0,"href":"https:\/\/diarioregionaldigital.com.br\/index.php?rest_route=\/wp\/v2\/posts\/167116\/revisions"}],"wp:featuredmedia":[{"embeddable":true,"href":"https:\/\/diarioregionaldigital.com.br\/index.php?rest_route=\/wp\/v2\/media\/167112"}],"wp:attachment":[{"href":"https:\/\/diarioregionaldigital.com.br\/index.php?rest_route=%2Fwp%2Fv2%2Fmedia&parent=167116"}],"wp:term":[{"taxonomy":"category","embeddable":true,"href":"https:\/\/diarioregionaldigital.com.br\/index.php?rest_route=%2Fwp%2Fv2%2Fcategories&post=167116"},{"taxonomy":"post_tag","embeddable":true,"href":"https:\/\/diarioregionaldigital.com.br\/index.php?rest_route=%2Fwp%2Fv2%2Ftags&post=167116"}],"curies":[{"name":"wp","href":"https:\/\/api.w.org\/{rel}","templated":true}]}}