{"id":167100,"date":"2020-08-18T20:05:53","date_gmt":"2020-08-18T23:05:53","guid":{"rendered":"https:\/\/diarioregionaldigital.com.br\/?p=167100"},"modified":"2020-08-18T20:05:53","modified_gmt":"2020-08-18T23:05:53","slug":"numero-de-obitos-pela-covid-19-por-data-de-ocorrencia-apresenta-tendencia-ao-equilibrio","status":"publish","type":"post","link":"https:\/\/diarioregionaldigital.com.br\/?p=167100","title":{"rendered":"N\u00famero de \u00f3bitos pela covid-19 por data de ocorr\u00eancia apresenta tend\u00eancia ao equil\u00edbrio"},"content":{"rendered":"<p>At\u00e9 o momento, o boletim epidemiol\u00f3gico da covid-19 registrou 177.787 casos confirmados e 4.306 \u00f3bitos, sendo 83 confirmados nas \u00faltimas 24 horas. Em coletiva virtual nesta ter\u00e7a-feira (18\/8), o secret\u00e1rio de Estado de\u00a0Sa\u00fade de Minas Gerais, Carlos Eduardo Amaral, destacou a tend\u00eancia ao equil\u00edbrio do n\u00famero de \u00f3bitos nos \u00faltimos dias.<\/p>\n<p>\u201cDe forma geral, vemos que o n\u00famero de \u00f3bitos por data apresenta uma tend\u00eancia de equil\u00edbrio. O n\u00famero mais alto que tivemos at\u00e9 agora foi em torno de 80 \u00f3bitos di\u00e1rios, registrado em meados de julho. Dessa forma, tudo indica que parou de haver incremento no n\u00famero de \u00f3bitos\u201d, explicou o secret\u00e1rio.<\/p>\n<p><img decoding=\"async\" src=\"http:\/\/www.agenciaminas.mg.gov.br\/ckeditor_assets\/pictures\/9121\/content_grafico_18_8.jpg\" \/><\/p>\n<p>Com rela\u00e7\u00e3o aos 83 \u00f3bitos notificados nas \u00faltimas 24 horas, Carlos Eduardo Amaral destaca que alguns apresentam data de ocorr\u00eancia referente ao per\u00edodo entre 11 e 17 de agosto. \u201cEntretanto, tamb\u00e9m h\u00e1 \u00f3bitos constatados e notificados em 26 de junho. Importante destacar que, algumas vezes, as prefeituras precisam confirmar o \u00f3bito e investigar um pouco mais, podendo gerar atraso na chegada da notifica\u00e7\u00e3o at\u00e9 a SES\u201d, alerta.<br \/>\n<strong>Realoca\u00e7\u00e3o de profissionais<\/strong><\/p>\n<p>No que se refere \u00e0 realoca\u00e7\u00e3o dos profissionais de Sa\u00fade designados para o Hospital de Campanha do Expominas, para os quadros da Rede Fhemig, o secret\u00e1rio adjunto de Sa\u00fade, Marcelo Cabral, explicou que o contrato assinado pelos servidores prev\u00ea a possibilidade desse remanejamento. \u201cDessa forma, \u00e9 importante pontuar que essa m\u00e3o de obra ser\u00e1 transferida e dar\u00e1 suporte aos hospitais da Rede Fhemig.<\/p>\n<p>Os profissionais ser\u00e3o realocados, conforme manifesta\u00e7\u00e3o de interesse, para a expans\u00e3o de servi\u00e7o nas unidades referenciadas, acionadas conforme o Plano de Capacidade Plena Hospitalar de Enfrentamento \u00e0 covid-19.<\/p>\n<p><strong>Fonte:\u00a0<\/strong>Ag\u00eancia Minas<\/p>\n","protected":false},"excerpt":{"rendered":"<p>At\u00e9 o momento, o boletim epidemiol\u00f3gico da covid-19 registrou 177.787 casos confirmados e 4.306 \u00f3bitos, sendo 83 confirmados nas \u00faltimas 24 horas. Em coletiva virtual nesta ter\u00e7a-feira (18\/8), o secret\u00e1rio de Estado de\u00a0Sa\u00fade de Minas Gerais, Carlos Eduardo Amaral, destacou a tend\u00eancia ao equil\u00edbrio do n\u00famero de \u00f3bitos nos \u00faltimos dias. \u201cDe forma geral, vemos [&hellip;]<\/p>\n","protected":false},"author":96,"featured_media":167101,"comment_status":"closed","ping_status":"closed","sticky":false,"template":"","format":"standard","meta":{"footnotes":""},"categories":[436,252,439],"tags":[],"class_list":["post-167100","post","type-post","status-publish","format-standard","has-post-thumbnail","hentry","category-destaque-da-semana","category-regiao","category-ultima-hora"],"_links":{"self":[{"href":"https:\/\/diarioregionaldigital.com.br\/index.php?rest_route=\/wp\/v2\/posts\/167100","targetHints":{"allow":["GET"]}}],"collection":[{"href":"https:\/\/diarioregionaldigital.com.br\/index.php?rest_route=\/wp\/v2\/posts"}],"about":[{"href":"https:\/\/diarioregionaldigital.com.br\/index.php?rest_route=\/wp\/v2\/types\/post"}],"author":[{"embeddable":true,"href":"https:\/\/diarioregionaldigital.com.br\/index.php?rest_route=\/wp\/v2\/users\/96"}],"replies":[{"embeddable":true,"href":"https:\/\/diarioregionaldigital.com.br\/index.php?rest_route=%2Fwp%2Fv2%2Fcomments&post=167100"}],"version-history":[{"count":0,"href":"https:\/\/diarioregionaldigital.com.br\/index.php?rest_route=\/wp\/v2\/posts\/167100\/revisions"}],"wp:featuredmedia":[{"embeddable":true,"href":"https:\/\/diarioregionaldigital.com.br\/index.php?rest_route=\/wp\/v2\/media\/167101"}],"wp:attachment":[{"href":"https:\/\/diarioregionaldigital.com.br\/index.php?rest_route=%2Fwp%2Fv2%2Fmedia&parent=167100"}],"wp:term":[{"taxonomy":"category","embeddable":true,"href":"https:\/\/diarioregionaldigital.com.br\/index.php?rest_route=%2Fwp%2Fv2%2Fcategories&post=167100"},{"taxonomy":"post_tag","embeddable":true,"href":"https:\/\/diarioregionaldigital.com.br\/index.php?rest_route=%2Fwp%2Fv2%2Ftags&post=167100"}],"curies":[{"name":"wp","href":"https:\/\/api.w.org\/{rel}","templated":true}]}}