{"id":167095,"date":"2020-08-18T18:16:10","date_gmt":"2020-08-18T21:16:10","guid":{"rendered":"https:\/\/diarioregionaldigital.com.br\/?p=167095"},"modified":"2020-08-18T18:16:10","modified_gmt":"2020-08-18T21:16:10","slug":"covid-19-municipio-acumula-141-mortes","status":"publish","type":"post","link":"https:\/\/diarioregionaldigital.com.br\/?p=167095","title":{"rendered":"Covid-19: munic\u00edpio acumula 141 mortes"},"content":{"rendered":"<p><span style=\"font-weight: 400;\">O novo boletim epidemiol\u00f3gico divulgado nessa ter\u00e7a-feira (18) pela Secretaria de Sa\u00fade (SS) da Prefeitura de Juiz de Fora (PJF), confirmou aumento de mais cinco \u00f3bitos por Coronav\u00edrus, em 24h no munic\u00edpio, totalizando 141 mortes. Segundo o levantamento, foram registrados mais 26 novo casos, acumulando 4.254 pessoas infectadas. Mais 192 novas suspeitas foram registrados, contabilizando 15.371.<\/span><\/p>\n<p><b>\u00d3bitos:<\/b><\/p>\n<p><span style=\"font-weight: 400;\">Homem, 51 anos, morreu no dia 20 de julho. *A v\u00edtima sentiu os sintomas da doen\u00e7a e morreu no estado do Rio de Janeiro. Segundo informa\u00e7\u00f5es da SS, o homem contraiu o v\u00edrus em Juiz de Fora, por isso, ele est\u00e1 no Boletim Epidemiol\u00f3gico do munic\u00edpio. Comorbidades: Doen\u00e7a Cardiovascular Cr\u00f4nica (DCC) e Doen\u00e7a Renal Cr\u00f4nica (DRC);<\/span><\/p>\n<p><span style=\"font-weight: 400;\">Idosa, de 92 anos, morreu nesta ter\u00e7a-feira, 18. Comorbidades: Diabetes Mellitus (DM), Doen\u00e7a Cardiovascular Cr\u00f4nica (DCC) e Doen\u00e7a Neurol\u00f3gica Cr\u00f4nica (DNC);<\/span><\/p>\n<p><span style=\"font-weight: 400;\">Idoso, de 73 anos, morreu nessa segunda-feira, 17. Comorbidades: Diabetes Mellitus (DM), Doen\u00e7a Cardiovascular Cr\u00f4nica (DCC), Doen\u00e7a Renal Cr\u00f4nica (DRC) e obesidade;<\/span><\/p>\n<p><span style=\"font-weight: 400;\">Idosa, de 63 anos, morreu no dia 10 de julho. Comorbidades: Diabetes Mellitus (DM), Doen\u00e7a Cardiovascular Cr\u00f4nica (DCC) e imunodefici\u00eancia;<\/span><\/p>\n<p><span style=\"font-weight: 400;\">Idosa, de 61 anos, morreu no dia 27 de junho. Comorbidade: Doen\u00e7a Cardiovascular Cr\u00f4nica (DCC).<\/span><\/p>\n<p><b>Leitos\u00a0<\/b><\/p>\n<p><span style=\"font-weight: 400;\">Segundo informa\u00e7\u00f5es da PJF, os leitos de enfermaria est\u00e3o com 65,34% de ocupa\u00e7\u00e3o. J\u00e1 os os leitos de UTI e SUS, est\u00e3o com taxa de 70,18% e 69,95% respectivamente.<\/span><\/p>\n<p><b>Ranking de bairros com maior n\u00famero de casos<\/b><\/p>\n<p><span style=\"font-weight: 400;\">A Secretaria de Sa\u00fade divulgou tamb\u00e9m o ranking atualizado dos bairros com maior n\u00famero de casos confirmados da doen\u00e7a. Estes dados foram divulgados antes da PJF liberar o novo boletim epidemiol\u00f3gico.<\/span><\/p>\n<p><span style=\"font-weight: 400;\">\u00a0O novo levantamento aponta do Departamento de Vigil\u00e2ncia Epidemiol\u00f3gica e Ambiental (Dvea) da Secretaria de Sa\u00fade (SS), aponta que os Bairros Eldorado (Regi\u00e3o Nordeste), Graja\u00fa (Regi\u00e3o Leste) e Nossa Sra. de Lourdes (Regi\u00e3o Sudeste), entraram para a lista de bairros com maiores n\u00fameros de casos em Juiz de Fora.<\/span><\/p>\n<p><span style=\"font-weight: 400;\">At\u00e9 o momento, o Dvea registrou 264 casos no Centro, 166 no Bairro S\u00e3o Mateus, 130 no S\u00e3o Pedro, 105 no Benfica, 82 no Santa Helena, 79 no Alto dos Passos, 66 no Paineiras, 65 no Bom Pastor, 63 no Nova Era, 61 no Cascatinha, 52 no Santa Luzia, 50 no Granbery, 50 no Teixeiras, 49 no Progresso, 49 no Bairu, 49 no Linhares, 47 no Bandeirantes, 46 no Grama, 42 no Santa Cruz, 41 no Estrela Sul, 40 no Monte Castelo, 39 no Ipiranga, 35 no Milho Branco e 35 no Jardim Gl\u00f3ria.<\/span><\/p>\n","protected":false},"excerpt":{"rendered":"<p>O novo boletim epidemiol\u00f3gico divulgado nessa ter\u00e7a-feira (18) pela Secretaria de Sa\u00fade (SS) da Prefeitura de Juiz de Fora (PJF), confirmou aumento de mais cinco \u00f3bitos por Coronav\u00edrus, em 24h no munic\u00edpio, totalizando 141 mortes. Segundo o levantamento, foram registrados mais 26 novo casos, acumulando 4.254 pessoas infectadas. Mais 192 novas suspeitas foram registrados, contabilizando [&hellip;]<\/p>\n","protected":false},"author":96,"featured_media":167096,"comment_status":"closed","ping_status":"closed","sticky":false,"template":"","format":"standard","meta":{"footnotes":""},"categories":[253,436,440,439],"tags":[],"class_list":["post-167095","post","type-post","status-publish","format-standard","has-post-thumbnail","hentry","category-cidade","category-destaque-da-semana","category-destaques-do-dia","category-ultima-hora"],"_links":{"self":[{"href":"https:\/\/diarioregionaldigital.com.br\/index.php?rest_route=\/wp\/v2\/posts\/167095","targetHints":{"allow":["GET"]}}],"collection":[{"href":"https:\/\/diarioregionaldigital.com.br\/index.php?rest_route=\/wp\/v2\/posts"}],"about":[{"href":"https:\/\/diarioregionaldigital.com.br\/index.php?rest_route=\/wp\/v2\/types\/post"}],"author":[{"embeddable":true,"href":"https:\/\/diarioregionaldigital.com.br\/index.php?rest_route=\/wp\/v2\/users\/96"}],"replies":[{"embeddable":true,"href":"https:\/\/diarioregionaldigital.com.br\/index.php?rest_route=%2Fwp%2Fv2%2Fcomments&post=167095"}],"version-history":[{"count":0,"href":"https:\/\/diarioregionaldigital.com.br\/index.php?rest_route=\/wp\/v2\/posts\/167095\/revisions"}],"wp:featuredmedia":[{"embeddable":true,"href":"https:\/\/diarioregionaldigital.com.br\/index.php?rest_route=\/wp\/v2\/media\/167096"}],"wp:attachment":[{"href":"https:\/\/diarioregionaldigital.com.br\/index.php?rest_route=%2Fwp%2Fv2%2Fmedia&parent=167095"}],"wp:term":[{"taxonomy":"category","embeddable":true,"href":"https:\/\/diarioregionaldigital.com.br\/index.php?rest_route=%2Fwp%2Fv2%2Fcategories&post=167095"},{"taxonomy":"post_tag","embeddable":true,"href":"https:\/\/diarioregionaldigital.com.br\/index.php?rest_route=%2Fwp%2Fv2%2Ftags&post=167095"}],"curies":[{"name":"wp","href":"https:\/\/api.w.org\/{rel}","templated":true}]}}