{"id":167092,"date":"2020-08-18T18:00:11","date_gmt":"2020-08-18T21:00:11","guid":{"rendered":"https:\/\/diarioregionaldigital.com.br\/?p=167092"},"modified":"2020-08-18T18:00:11","modified_gmt":"2020-08-18T21:00:11","slug":"museu-ferroviario-celebra-17-anos-com-programacao-virtual","status":"publish","type":"post","link":"https:\/\/diarioregionaldigital.com.br\/?p=167092","title":{"rendered":"Museu Ferrovi\u00e1rio celebra 17 anos com programa\u00e7\u00e3o virtual"},"content":{"rendered":"<p>O Museu Ferrovi\u00e1rio de Juiz de Fora, administrado pela Funda\u00e7\u00e3o Cultural \u201cAlfredo Ferreira Lage\u201d (Funalfa), completa 17 anos na sexta-feira, 21, quando lan\u00e7ar\u00e1 programa\u00e7\u00e3o comemorativa, com dura\u00e7\u00e3o de dez dias. Todas as atividades ser\u00e3o exclusivamente em formato on-line, em atendimento \u00e0s normas de distanciamento social geradas pela pande mia de c ovid-19. Foram programadas postagens especiais e divulga\u00e7\u00e3o de links para diferentes a\u00e7\u00f5es, no instagram (@museuferroviariojf), sendo a participa\u00e7\u00e3o gratuita e livre para todos os p\u00fablicos.<\/p>\n<p>Os internautas poder\u00e3o brincar com filtros e templates na rede social a partir do dia 21, quando tamb\u00e9m ser\u00e1 lan\u00e7ada, atrav\u00e9s da ferramenta Google Apresenta\u00e7\u00f5es, a exposi\u00e7\u00e3o \u201cNegros nas Ferrovias do Brasil &#8211; Uma Hist\u00f3ria Quase Nunca Contada\u201d, que ficar\u00e1 aberta permanentemente. A mostra narra a realidade brasileira de escraviza\u00e7\u00e3o, posterior aboli\u00e7\u00e3o e invisibiliza\u00e7\u00e3o do povo negro a partir do contexto ferrovi\u00e1rio. Ainda na sexta-feira, \u00e0s 20 horas, ser\u00e1 transmitido, pela p\u00e1gina no facebook do museu (@museuferroviariojf), o show da banda Alles Club, onde foi apresentado o \u00e1lbum \u201cD\u00e9collage\u201d. A apresenta\u00e7\u00e3o aconteceu no anfiteatro do Museu Ferrovi\u00e1rio em 2018.<\/p>\n<p>Tour virtual, com media\u00e7\u00e3o, acontecer\u00e1 pelo Google Meets, em cinco datas diferentes, sendo o primeiro no s\u00e1bado, 22, \u00e0s 15 horas, seguido de bate-papo, com emiss\u00e3o de certificado \u00e0s pessoas interessadas. O tema do encontro \u00e9 a import\u00e2ncia de usufruir do museu em formato on-line durante a pandemia. Os demais passeios virtuais ocorrer\u00e3o nos dias 23, \u00e0s 15 horas, 26, \u00e0s 19, e 29 e 30, retomando o hor\u00e1rio das 15 horas. Informa\u00e7\u00f5es ser\u00e3o anexadas em destaques tamb\u00e9m no instagram, para grupos que queiram agendar visitas em outras ocasi\u00f5es.<\/p>\n<p>Com o slogan \u201c17 Anos do Museu Ferrovi\u00e1rio &#8211; A Cada Olhar, um Novo Museu\u201d, o importante espa\u00e7o hist\u00f3rico e cultural da cidade indica seu poder de converter os desafios do per\u00edodo atual em nova forma de ser visto e atuar, num encontro com o virtual, e seu incentivo \u00e0 imagina\u00e7\u00e3o, revelando-se patrim\u00f4nio que existe e resiste.<\/p>\n<p><b>Programa\u00e7\u00e3o<\/b><\/p>\n<p><i>Dia 21 \u2013 Sexta-feira<\/i><br \/>\n&#8211; Templates e filtros dispon\u00edveis no instagram @museuferroviariojf<br \/>\n&#8211; Abertura da exposi\u00e7\u00e3o \u201cNegros da Ferrovia\u201d<br \/>\n&#8211; 20 horas -Transmiss\u00e3o de show da banda Alles Club, apresentando o \u00e1lbum \u201cD\u00e9collage\u201d<\/p>\n<p><i>Dia 22 &#8211; S\u00e1bado<\/i><br \/>\n&#8211; 15 horas &#8211; Tour virtual mediado, seguido de bate-papo, com certificado, sobre a import\u00e2ncia para o museu de lidar com on-line durante a pandemia.<\/p>\n<p><i>Dia 23 &#8211; Domingo<\/i><br \/>\n&#8211; 15 horas &#8211; Tour virtual mediado<\/p>\n<p><i>Dia 26 &#8211; Quinta<\/i><br \/>\n&#8211; 19 horas &#8211; Tour virtual mediado<\/p>\n<p><i>Dia 29 &#8211; S\u00e1bado<\/i><br \/>\n&#8211; 15 horas &#8211; Tour virtual mediado<\/p>\n<p><i>Dia 30 &#8211; Domingo<\/i><br \/>\n&#8211; 15 horas &#8211; Tour virtual mediado.<\/p>\n<p><strong>Fonte:\u00a0<\/strong>Assessoria<\/p>\n","protected":false},"excerpt":{"rendered":"<p>O Museu Ferrovi\u00e1rio de Juiz de Fora, administrado pela Funda\u00e7\u00e3o Cultural \u201cAlfredo Ferreira Lage\u201d (Funalfa), completa 17 anos na sexta-feira, 21, quando lan\u00e7ar\u00e1 programa\u00e7\u00e3o comemorativa, com dura\u00e7\u00e3o de dez dias. Todas as atividades ser\u00e3o exclusivamente em formato on-line, em atendimento \u00e0s normas de distanciamento social geradas pela pande mia de c ovid-19. Foram programadas postagens [&hellip;]<\/p>\n","protected":false},"author":96,"featured_media":167093,"comment_status":"closed","ping_status":"closed","sticky":false,"template":"","format":"standard","meta":{"footnotes":""},"categories":[256,436,439],"tags":[],"class_list":["post-167092","post","type-post","status-publish","format-standard","has-post-thumbnail","hentry","category-cultura","category-destaque-da-semana","category-ultima-hora"],"_links":{"self":[{"href":"https:\/\/diarioregionaldigital.com.br\/index.php?rest_route=\/wp\/v2\/posts\/167092","targetHints":{"allow":["GET"]}}],"collection":[{"href":"https:\/\/diarioregionaldigital.com.br\/index.php?rest_route=\/wp\/v2\/posts"}],"about":[{"href":"https:\/\/diarioregionaldigital.com.br\/index.php?rest_route=\/wp\/v2\/types\/post"}],"author":[{"embeddable":true,"href":"https:\/\/diarioregionaldigital.com.br\/index.php?rest_route=\/wp\/v2\/users\/96"}],"replies":[{"embeddable":true,"href":"https:\/\/diarioregionaldigital.com.br\/index.php?rest_route=%2Fwp%2Fv2%2Fcomments&post=167092"}],"version-history":[{"count":0,"href":"https:\/\/diarioregionaldigital.com.br\/index.php?rest_route=\/wp\/v2\/posts\/167092\/revisions"}],"wp:featuredmedia":[{"embeddable":true,"href":"https:\/\/diarioregionaldigital.com.br\/index.php?rest_route=\/wp\/v2\/media\/167093"}],"wp:attachment":[{"href":"https:\/\/diarioregionaldigital.com.br\/index.php?rest_route=%2Fwp%2Fv2%2Fmedia&parent=167092"}],"wp:term":[{"taxonomy":"category","embeddable":true,"href":"https:\/\/diarioregionaldigital.com.br\/index.php?rest_route=%2Fwp%2Fv2%2Fcategories&post=167092"},{"taxonomy":"post_tag","embeddable":true,"href":"https:\/\/diarioregionaldigital.com.br\/index.php?rest_route=%2Fwp%2Fv2%2Ftags&post=167092"}],"curies":[{"name":"wp","href":"https:\/\/api.w.org\/{rel}","templated":true}]}}