{"id":167089,"date":"2020-08-18T17:58:36","date_gmt":"2020-08-18T20:58:36","guid":{"rendered":"https:\/\/diarioregionaldigital.com.br\/?p=167089"},"modified":"2020-08-18T17:58:36","modified_gmt":"2020-08-18T20:58:36","slug":"museu-mariano-procopio-realiza-doacao-de-cem-mudas-de-plantas-na-quinta-feira","status":"publish","type":"post","link":"https:\/\/diarioregionaldigital.com.br\/?p=167089","title":{"rendered":"Museu \u201cMariano Proc\u00f3pio\u201d realiza doa\u00e7\u00e3o de cem mudas de plantas na quinta-feira"},"content":{"rendered":"<p>O Departamento de Parque e Edifica\u00e7\u00f5es (Depae) do Museu \u201cMariano Proc\u00f3pio\u201d preparou cem mudas de plantas para serem doadas. Esta segunda edi\u00e7\u00e3o da iniciativa traz mais uma esp\u00e9cie que comp\u00f5e o paisagismo da institui\u00e7\u00e3o, a &#8220;orqu\u00eddea bambu&#8221;. A a\u00e7\u00e3o ser\u00e1 na quinta-feira, \u00e0s 10 horas, no port\u00e3o de acesso ao parque, na Rua Mariano Proc\u00f3pio, sem necessidade da entrada do p\u00fablico, j\u00e1 que as plantas estar\u00e3o dispostas em mesas pr\u00f3ximas ao passeio, facilitando sua retirada. A institui\u00e7\u00e3o orienta que os interessados peguem sua muda e n\u00e3o permane\u00e7am no local, evitando, assim, a aglomera\u00e7\u00e3o.<\/p>\n<p>As plantas foram acondicionadas em cocos de sapucaia recolhidos no parque. Contudo, para poss\u00edvel nova edi\u00e7\u00e3o, o Depae pede ao p\u00fablico a doa\u00e7\u00e3o de caixinhas de leite vazias, para produ\u00e7\u00e3o de novas mudinhas. Com estufa pr\u00f3pria, a equipe respons\u00e1vel pela limpeza e manuten\u00e7\u00e3o do paisagismo das \u00e1reas verdes realiza, periodicamente, o replantio nos jardins hist\u00f3ricos e alamedas do parque.<\/p>\n<p><b>Curiosidades e dicas<\/b><\/p>\n<p>A orqu\u00eddea bambu (Arundina graminifolia ou Arundina bambusifolia) \u00e9 proveniente da \u00c1sia Tropical, regi\u00e3o que abrange desde \u00cdndia, Nepal, Tail\u00e2ndia, Mal\u00e1sia, Cingapura e China Setentrional, at\u00e9 a Indon\u00e9sia e ilhas do Pac\u00edfico. Sua peculiaridade est\u00e1 relacionada principalmente ao fato de ser orqu\u00eddea terrestre. Gra\u00e7as ao volume de sua folhagem e a beleza de suas flores, \u00e9 utilizada em acompanhamentos\/decora\u00e7\u00f5es de muros, muretas e paredes ou em grupos, compondo conjuntos isolados. Tamb\u00e9m \u00e9 poss\u00edvel cultiv\u00e1-la em vasos, desde que receba algumas horas de sol diariamente.<\/p>\n<p>Por ser adepta do clima tropical, necessita de solo \u00famido e muita luz, deve ser regada abundantemente no calor, de prefer\u00eancia \u00e0 noite. Embora a orqu\u00eddea bambu prefira sol pleno, tamb\u00e9m se adapta \u00e0 meia-sombra, contando que a umidade seja controlada. Regue-as diariamente, durante temperaturas mais quentes, e em dias alternados, quando o clima estiver ameno. Em \u00e9pocas frias, a irriga\u00e7\u00e3o pode ser suspensa, pois o excesso de \u00e1gua pode matar suas plantas.<\/p>\n<p><strong>Fonte:\u00a0<\/strong>Assessoria<\/p>\n","protected":false},"excerpt":{"rendered":"<p>O Departamento de Parque e Edifica\u00e7\u00f5es (Depae) do Museu \u201cMariano Proc\u00f3pio\u201d preparou cem mudas de plantas para serem doadas. Esta segunda edi\u00e7\u00e3o da iniciativa traz mais uma esp\u00e9cie que comp\u00f5e o paisagismo da institui\u00e7\u00e3o, a &#8220;orqu\u00eddea bambu&#8221;. A a\u00e7\u00e3o ser\u00e1 na quinta-feira, \u00e0s 10 horas, no port\u00e3o de acesso ao parque, na Rua Mariano Proc\u00f3pio, [&hellip;]<\/p>\n","protected":false},"author":96,"featured_media":167090,"comment_status":"closed","ping_status":"closed","sticky":false,"template":"","format":"standard","meta":{"footnotes":""},"categories":[256,436,439],"tags":[],"class_list":["post-167089","post","type-post","status-publish","format-standard","has-post-thumbnail","hentry","category-cultura","category-destaque-da-semana","category-ultima-hora"],"_links":{"self":[{"href":"https:\/\/diarioregionaldigital.com.br\/index.php?rest_route=\/wp\/v2\/posts\/167089","targetHints":{"allow":["GET"]}}],"collection":[{"href":"https:\/\/diarioregionaldigital.com.br\/index.php?rest_route=\/wp\/v2\/posts"}],"about":[{"href":"https:\/\/diarioregionaldigital.com.br\/index.php?rest_route=\/wp\/v2\/types\/post"}],"author":[{"embeddable":true,"href":"https:\/\/diarioregionaldigital.com.br\/index.php?rest_route=\/wp\/v2\/users\/96"}],"replies":[{"embeddable":true,"href":"https:\/\/diarioregionaldigital.com.br\/index.php?rest_route=%2Fwp%2Fv2%2Fcomments&post=167089"}],"version-history":[{"count":0,"href":"https:\/\/diarioregionaldigital.com.br\/index.php?rest_route=\/wp\/v2\/posts\/167089\/revisions"}],"wp:featuredmedia":[{"embeddable":true,"href":"https:\/\/diarioregionaldigital.com.br\/index.php?rest_route=\/wp\/v2\/media\/167090"}],"wp:attachment":[{"href":"https:\/\/diarioregionaldigital.com.br\/index.php?rest_route=%2Fwp%2Fv2%2Fmedia&parent=167089"}],"wp:term":[{"taxonomy":"category","embeddable":true,"href":"https:\/\/diarioregionaldigital.com.br\/index.php?rest_route=%2Fwp%2Fv2%2Fcategories&post=167089"},{"taxonomy":"post_tag","embeddable":true,"href":"https:\/\/diarioregionaldigital.com.br\/index.php?rest_route=%2Fwp%2Fv2%2Ftags&post=167089"}],"curies":[{"name":"wp","href":"https:\/\/api.w.org\/{rel}","templated":true}]}}