{"id":167086,"date":"2020-08-18T17:55:33","date_gmt":"2020-08-18T20:55:33","guid":{"rendered":"https:\/\/diarioregionaldigital.com.br\/?p=167086"},"modified":"2020-08-18T17:55:33","modified_gmt":"2020-08-18T20:55:33","slug":"funcionarios-de-transporte-coletivo-de-juiz-de-fora-paralisam-atividades","status":"publish","type":"post","link":"https:\/\/diarioregionaldigital.com.br\/?p=167086","title":{"rendered":"Funcion\u00e1rios de transporte coletivo de Juiz de Fora paralisam atividades"},"content":{"rendered":"<p><span style=\"font-weight: 400;\">Os motoristas e cobradores do transporte coletivo de Juiz de Fora, paralisaram nessa ter\u00e7a-feira (18), todas suas atividades e aderiram \u00e0 greve, reivindicando o pagamento dos sal\u00e1rios do m\u00eas de julho. Segundo informa\u00e7\u00f5es do Sindicato dos Trabalhadores em Empresas de Transporte Coletivo Urbano (Sinttro), cerca de 3.500 funcion\u00e1rios aderiram \u00e0 paralisa\u00e7\u00e3o.\u00a0<\/span><\/p>\n<p><span style=\"font-weight: 400;\">Mesmo diante da determina\u00e7\u00e3o imposta pelo Minist\u00e9rio P\u00fablico de Minas Gerais (MPMG), na qual prev\u00ea circula\u00e7\u00e3o de 30% dos \u00f4nibus durante a greve, a Associa\u00e7\u00e3o Profissional das Empresas de Transporte de Passageiros de Juiz de Fora (Astransp) e Secretaria de Transporte e Tr\u00e2nsito (Settra), informam que a medida n\u00e3o foi seguida.<\/span><\/p>\n<p><span style=\"font-weight: 400;\">Devido a essa situa\u00e7\u00e3o, a Prefeitura de Juiz de Fora (PJF), autorizou a circula\u00e7\u00e3o de vans escolares para auxiliar no transporte da popula\u00e7\u00e3o do munic\u00edpio.<\/span><\/p>\n<p><b>A paralisa\u00e7\u00e3o<\/b><\/p>\n<p><span style=\"font-weight: 400;\">Desde a 00h01 dessa ter\u00e7a-feira, o transporte coletivo foi suspenso e os funcion\u00e1rios est\u00e3o em greve por tempo indeterminado. Conforme o Sinttro, os motivos s\u00e3o por conta de redu\u00e7\u00e3o das cestas b\u00e1sicas e tamb\u00e9m do corte de 50% dos sal\u00e1rios, al\u00e9m do n\u00e3o pagamento do m\u00eas de julho.<\/span><\/p>\n<p><span style=\"font-weight: 400;\">Pela manh\u00e3 de ontem, diversos grupos se dividiram e se alocaram em frente \u00e0 porta das empresas de transporte, para garantir ades\u00e3o de todos \u00e0 paralisa\u00e7\u00e3o e consequentemente evitar que os \u00f4nibus sa\u00edssem das garagens.<\/span><\/p>\n<p><span style=\"font-weight: 400;\">Por volta das 11h00, os manifestantes sa\u00edram em passeata e passaram pelas ruas do centro de Juiz de Fora. Foram utilizados carros de som e faixas, exigindo cumprimento dos acordos.<\/span><\/p>\n","protected":false},"excerpt":{"rendered":"<p>Os motoristas e cobradores do transporte coletivo de Juiz de Fora, paralisaram nessa ter\u00e7a-feira (18), todas suas atividades e aderiram \u00e0 greve, reivindicando o pagamento dos sal\u00e1rios do m\u00eas de julho. Segundo informa\u00e7\u00f5es do Sindicato dos Trabalhadores em Empresas de Transporte Coletivo Urbano (Sinttro), cerca de 3.500 funcion\u00e1rios aderiram \u00e0 paralisa\u00e7\u00e3o.\u00a0 Mesmo diante da determina\u00e7\u00e3o [&hellip;]<\/p>\n","protected":false},"author":96,"featured_media":167087,"comment_status":"closed","ping_status":"closed","sticky":false,"template":"","format":"standard","meta":{"footnotes":""},"categories":[253,436,440,439],"tags":[],"class_list":["post-167086","post","type-post","status-publish","format-standard","has-post-thumbnail","hentry","category-cidade","category-destaque-da-semana","category-destaques-do-dia","category-ultima-hora"],"_links":{"self":[{"href":"https:\/\/diarioregionaldigital.com.br\/index.php?rest_route=\/wp\/v2\/posts\/167086","targetHints":{"allow":["GET"]}}],"collection":[{"href":"https:\/\/diarioregionaldigital.com.br\/index.php?rest_route=\/wp\/v2\/posts"}],"about":[{"href":"https:\/\/diarioregionaldigital.com.br\/index.php?rest_route=\/wp\/v2\/types\/post"}],"author":[{"embeddable":true,"href":"https:\/\/diarioregionaldigital.com.br\/index.php?rest_route=\/wp\/v2\/users\/96"}],"replies":[{"embeddable":true,"href":"https:\/\/diarioregionaldigital.com.br\/index.php?rest_route=%2Fwp%2Fv2%2Fcomments&post=167086"}],"version-history":[{"count":0,"href":"https:\/\/diarioregionaldigital.com.br\/index.php?rest_route=\/wp\/v2\/posts\/167086\/revisions"}],"wp:featuredmedia":[{"embeddable":true,"href":"https:\/\/diarioregionaldigital.com.br\/index.php?rest_route=\/wp\/v2\/media\/167087"}],"wp:attachment":[{"href":"https:\/\/diarioregionaldigital.com.br\/index.php?rest_route=%2Fwp%2Fv2%2Fmedia&parent=167086"}],"wp:term":[{"taxonomy":"category","embeddable":true,"href":"https:\/\/diarioregionaldigital.com.br\/index.php?rest_route=%2Fwp%2Fv2%2Fcategories&post=167086"},{"taxonomy":"post_tag","embeddable":true,"href":"https:\/\/diarioregionaldigital.com.br\/index.php?rest_route=%2Fwp%2Fv2%2Ftags&post=167086"}],"curies":[{"name":"wp","href":"https:\/\/api.w.org\/{rel}","templated":true}]}}