{"id":167083,"date":"2020-08-18T17:22:02","date_gmt":"2020-08-18T20:22:02","guid":{"rendered":"https:\/\/diarioregionaldigital.com.br\/?p=167083"},"modified":"2020-08-18T17:22:02","modified_gmt":"2020-08-18T20:22:02","slug":"trabalhadores-do-correios-paralisam-atividades-e-aderem-a-greve-nacional","status":"publish","type":"post","link":"https:\/\/diarioregionaldigital.com.br\/?p=167083","title":{"rendered":"Trabalhadores do Correios paralisam atividades e aderem \u00e0 greve nacional"},"content":{"rendered":"<p><span style=\"font-weight: 400;\">Nessa ter\u00e7a-feira (18), cerca de 70% dos funcion\u00e1rios os Correios em Juiz de Fora, Ub\u00e1, Muria\u00e9, Barbacena, S\u00e3o Jo\u00e3o del Rei, Leopoldina, Cataguases e de outras 120 cidades da Zona da Mata e Vertentes, paralisaram suas atividades e aderiram \u00e0 greve nacional.<\/span><\/p>\n<p><span style=\"font-weight: 400;\">Segundo informa\u00e7\u00f5es Federa\u00e7\u00e3o Nacional dos Trabalhadores em Empresas dos Correios e Similares (Fentect), as atividades v\u00e3o ficar paralisadas por tempo indeterminado e os funcion\u00e1rios reivindicam contra a retirada de direitos, contra a privatiza\u00e7\u00e3o da empresa e neglig\u00eancia com a sa\u00fade dos trabalhadores em rela\u00e7\u00e3o \u00e0 Covid-19.\u00a0<\/span><\/p>\n<p><span style=\"font-weight: 400;\">Conforme o Sindicato dos Trabalhadores nos Correios em Juiz de Fora (Sintect\/JFA), aproximadamente 70% dos funcion\u00e1rios em toda a regi\u00e3o, optaram em paralisar todas as suas atividades.<\/span><\/p>\n<p><span style=\"font-weight: 400;\">A Fentect diz ainda que os sindicatos tentam negocia\u00e7\u00e3o desde o m\u00eas de julho, uma negocia\u00e7\u00e3o com a diretoria dos Correios, por\u00e9m nega qualquer possibilidade de conversar com os filiados. Al\u00e9m disso, a Federa\u00e7\u00e3o cita que foram retiradas 70 cl\u00e1usulas com direitos como 30% do adicional de risco, vale alimenta\u00e7\u00e3o, licen\u00e7a maternidade de 180 dias, aux\u00edlio creche, indeniza\u00e7\u00e3o de morte, aux\u00edlio creche, indeniza\u00e7\u00e3o de morte, aux\u00edlio para filhos com necessidades especiais, em uma atitude desumana impedindo tratamentos diferenciados e que garantem melhor qualidade de vida, pagamento de adicional noturno e horas extras.\u00a0<\/span><\/p>\n<p><span style=\"font-weight: 400;\">At\u00e9 ent\u00e3o, o Sindicato de Juiz de Fora n\u00e3o divulgou o balan\u00e7o final sobre quantas ag\u00eancias dos correios foram afetadas pela greve. Entretanto, algumas j\u00e1 haviam sido afetadas por conta da pandemia do novo Coronav\u00edrus.<\/span><\/p>\n","protected":false},"excerpt":{"rendered":"<p>Nessa ter\u00e7a-feira (18), cerca de 70% dos funcion\u00e1rios os Correios em Juiz de Fora, Ub\u00e1, Muria\u00e9, Barbacena, S\u00e3o Jo\u00e3o del Rei, Leopoldina, Cataguases e de outras 120 cidades da Zona da Mata e Vertentes, paralisaram suas atividades e aderiram \u00e0 greve nacional. Segundo informa\u00e7\u00f5es Federa\u00e7\u00e3o Nacional dos Trabalhadores em Empresas dos Correios e Similares (Fentect), [&hellip;]<\/p>\n","protected":false},"author":96,"featured_media":167084,"comment_status":"closed","ping_status":"closed","sticky":false,"template":"","format":"standard","meta":{"footnotes":""},"categories":[253,436,439],"tags":[],"class_list":["post-167083","post","type-post","status-publish","format-standard","has-post-thumbnail","hentry","category-cidade","category-destaque-da-semana","category-ultima-hora"],"_links":{"self":[{"href":"https:\/\/diarioregionaldigital.com.br\/index.php?rest_route=\/wp\/v2\/posts\/167083","targetHints":{"allow":["GET"]}}],"collection":[{"href":"https:\/\/diarioregionaldigital.com.br\/index.php?rest_route=\/wp\/v2\/posts"}],"about":[{"href":"https:\/\/diarioregionaldigital.com.br\/index.php?rest_route=\/wp\/v2\/types\/post"}],"author":[{"embeddable":true,"href":"https:\/\/diarioregionaldigital.com.br\/index.php?rest_route=\/wp\/v2\/users\/96"}],"replies":[{"embeddable":true,"href":"https:\/\/diarioregionaldigital.com.br\/index.php?rest_route=%2Fwp%2Fv2%2Fcomments&post=167083"}],"version-history":[{"count":0,"href":"https:\/\/diarioregionaldigital.com.br\/index.php?rest_route=\/wp\/v2\/posts\/167083\/revisions"}],"wp:featuredmedia":[{"embeddable":true,"href":"https:\/\/diarioregionaldigital.com.br\/index.php?rest_route=\/wp\/v2\/media\/167084"}],"wp:attachment":[{"href":"https:\/\/diarioregionaldigital.com.br\/index.php?rest_route=%2Fwp%2Fv2%2Fmedia&parent=167083"}],"wp:term":[{"taxonomy":"category","embeddable":true,"href":"https:\/\/diarioregionaldigital.com.br\/index.php?rest_route=%2Fwp%2Fv2%2Fcategories&post=167083"},{"taxonomy":"post_tag","embeddable":true,"href":"https:\/\/diarioregionaldigital.com.br\/index.php?rest_route=%2Fwp%2Fv2%2Ftags&post=167083"}],"curies":[{"name":"wp","href":"https:\/\/api.w.org\/{rel}","templated":true}]}}