{"id":167080,"date":"2020-08-18T15:04:15","date_gmt":"2020-08-18T18:04:15","guid":{"rendered":"https:\/\/diarioregionaldigital.com.br\/?p=167080"},"modified":"2020-08-18T15:04:15","modified_gmt":"2020-08-18T18:04:15","slug":"pm-apreende-grande-quantidade-de-drogas-em-visconde-do-rio-branco","status":"publish","type":"post","link":"https:\/\/diarioregionaldigital.com.br\/?p=167080","title":{"rendered":"PM apreende grande quantidade de drogas em Visconde do Rio Branco"},"content":{"rendered":"<p>A Pol\u00edcia Militar (PM) realizava um patrulhamento pelo Bairro Mutir\u00e3o em Visconde do Rio Branco, quando avistou dois indiv\u00edduos em atitude suspeita e ao notarem a presen\u00e7a policial, fugiram em dire\u00e7\u00e3o a uma resid\u00eancia no local. Um dos infratores foi preso em flagrante e o outro empreendeu fuga. Posteriormente, os policiais descobriram que a referida resid\u00eancia \u00e9 utilizada para tr\u00e1fico de drogas e ap\u00f3s buscas no local, foram apreendidos 100 pedras e uma pedra bruta de crack, 20 pinos e um papelote de coca\u00edna, uma bucha de maconha, dois celulares, dois sacos fechados de pinos para dolagem e dois cord\u00f5es de prata.<\/p>\n","protected":false},"excerpt":{"rendered":"<p>A Pol\u00edcia Militar (PM) realizava um patrulhamento pelo Bairro Mutir\u00e3o em Visconde do Rio Branco, quando avistou dois indiv\u00edduos em atitude suspeita e ao notarem a presen\u00e7a policial, fugiram em dire\u00e7\u00e3o a uma resid\u00eancia no local. Um dos infratores foi preso em flagrante e o outro empreendeu fuga. Posteriormente, os policiais descobriram que a referida [&hellip;]<\/p>\n","protected":false},"author":96,"featured_media":167081,"comment_status":"closed","ping_status":"closed","sticky":false,"template":"","format":"standard","meta":{"footnotes":""},"categories":[436,252,439],"tags":[],"class_list":["post-167080","post","type-post","status-publish","format-standard","has-post-thumbnail","hentry","category-destaque-da-semana","category-regiao","category-ultima-hora"],"_links":{"self":[{"href":"https:\/\/diarioregionaldigital.com.br\/index.php?rest_route=\/wp\/v2\/posts\/167080","targetHints":{"allow":["GET"]}}],"collection":[{"href":"https:\/\/diarioregionaldigital.com.br\/index.php?rest_route=\/wp\/v2\/posts"}],"about":[{"href":"https:\/\/diarioregionaldigital.com.br\/index.php?rest_route=\/wp\/v2\/types\/post"}],"author":[{"embeddable":true,"href":"https:\/\/diarioregionaldigital.com.br\/index.php?rest_route=\/wp\/v2\/users\/96"}],"replies":[{"embeddable":true,"href":"https:\/\/diarioregionaldigital.com.br\/index.php?rest_route=%2Fwp%2Fv2%2Fcomments&post=167080"}],"version-history":[{"count":0,"href":"https:\/\/diarioregionaldigital.com.br\/index.php?rest_route=\/wp\/v2\/posts\/167080\/revisions"}],"wp:featuredmedia":[{"embeddable":true,"href":"https:\/\/diarioregionaldigital.com.br\/index.php?rest_route=\/wp\/v2\/media\/167081"}],"wp:attachment":[{"href":"https:\/\/diarioregionaldigital.com.br\/index.php?rest_route=%2Fwp%2Fv2%2Fmedia&parent=167080"}],"wp:term":[{"taxonomy":"category","embeddable":true,"href":"https:\/\/diarioregionaldigital.com.br\/index.php?rest_route=%2Fwp%2Fv2%2Fcategories&post=167080"},{"taxonomy":"post_tag","embeddable":true,"href":"https:\/\/diarioregionaldigital.com.br\/index.php?rest_route=%2Fwp%2Fv2%2Ftags&post=167080"}],"curies":[{"name":"wp","href":"https:\/\/api.w.org\/{rel}","templated":true}]}}