{"id":167077,"date":"2020-08-18T14:52:56","date_gmt":"2020-08-18T17:52:56","guid":{"rendered":"https:\/\/diarioregionaldigital.com.br\/?p=167077"},"modified":"2020-08-18T14:52:56","modified_gmt":"2020-08-18T17:52:56","slug":"pcmg-investiga-furto-e-recupera-veiculo-na-zona-leste-de-juiz-de-fora","status":"publish","type":"post","link":"https:\/\/diarioregionaldigital.com.br\/?p=167077","title":{"rendered":"PCMG investiga furto e recupera ve\u00edculo na Zona Leste de Juiz de Fora"},"content":{"rendered":"<p><span style=\"font-weight: 400;\">Na tarde de segunda-feira (17), a Pol\u00edcia Civil de Minas Gerais localizou um ve\u00edculo Kadett Sport, que havia sido furtado na regi\u00e3o central do munic\u00edpio de Juiz de Fora, na mesma data.\u00a0<\/span><\/p>\n<p><span style=\"font-weight: 400;\">Ap\u00f3s comparecimento da v\u00edtima, 21 anos, na unidade policial, na parte da manh\u00e3, policiais civis da 7\u00aa Delegacia de Pol\u00edcia Civil realizaram dilig\u00eancias que resultaram na localiza\u00e7\u00e3o do autom\u00f3vel em via p\u00fablica, no Bairro S\u00e3o Benedito, na regi\u00e3o Leste da cidade, horas ap\u00f3s o crime.<\/span><\/p>\n<p><span style=\"font-weight: 400;\">O ve\u00edculo foi periciado no local e restitu\u00eddo ao jovem. As investiga\u00e7\u00f5es prosseguem.<\/span><\/p>\n<p><strong>Fonte:\u00a0<\/strong>Assessoria<\/p>\n","protected":false},"excerpt":{"rendered":"<p>Na tarde de segunda-feira (17), a Pol\u00edcia Civil de Minas Gerais localizou um ve\u00edculo Kadett Sport, que havia sido furtado na regi\u00e3o central do munic\u00edpio de Juiz de Fora, na mesma data.\u00a0 Ap\u00f3s comparecimento da v\u00edtima, 21 anos, na unidade policial, na parte da manh\u00e3, policiais civis da 7\u00aa Delegacia de Pol\u00edcia Civil realizaram dilig\u00eancias [&hellip;]<\/p>\n","protected":false},"author":96,"featured_media":167078,"comment_status":"closed","ping_status":"closed","sticky":false,"template":"","format":"standard","meta":{"footnotes":""},"categories":[301,436,439],"tags":[],"class_list":["post-167077","post","type-post","status-publish","format-standard","has-post-thumbnail","hentry","category-artigos-policiais","category-destaque-da-semana","category-ultima-hora"],"_links":{"self":[{"href":"https:\/\/diarioregionaldigital.com.br\/index.php?rest_route=\/wp\/v2\/posts\/167077","targetHints":{"allow":["GET"]}}],"collection":[{"href":"https:\/\/diarioregionaldigital.com.br\/index.php?rest_route=\/wp\/v2\/posts"}],"about":[{"href":"https:\/\/diarioregionaldigital.com.br\/index.php?rest_route=\/wp\/v2\/types\/post"}],"author":[{"embeddable":true,"href":"https:\/\/diarioregionaldigital.com.br\/index.php?rest_route=\/wp\/v2\/users\/96"}],"replies":[{"embeddable":true,"href":"https:\/\/diarioregionaldigital.com.br\/index.php?rest_route=%2Fwp%2Fv2%2Fcomments&post=167077"}],"version-history":[{"count":0,"href":"https:\/\/diarioregionaldigital.com.br\/index.php?rest_route=\/wp\/v2\/posts\/167077\/revisions"}],"wp:featuredmedia":[{"embeddable":true,"href":"https:\/\/diarioregionaldigital.com.br\/index.php?rest_route=\/wp\/v2\/media\/167078"}],"wp:attachment":[{"href":"https:\/\/diarioregionaldigital.com.br\/index.php?rest_route=%2Fwp%2Fv2%2Fmedia&parent=167077"}],"wp:term":[{"taxonomy":"category","embeddable":true,"href":"https:\/\/diarioregionaldigital.com.br\/index.php?rest_route=%2Fwp%2Fv2%2Fcategories&post=167077"},{"taxonomy":"post_tag","embeddable":true,"href":"https:\/\/diarioregionaldigital.com.br\/index.php?rest_route=%2Fwp%2Fv2%2Ftags&post=167077"}],"curies":[{"name":"wp","href":"https:\/\/api.w.org\/{rel}","templated":true}]}}