{"id":167074,"date":"2020-08-18T14:44:17","date_gmt":"2020-08-18T17:44:17","guid":{"rendered":"https:\/\/diarioregionaldigital.com.br\/?p=167074"},"modified":"2020-08-18T14:44:17","modified_gmt":"2020-08-18T17:44:17","slug":"modulo-ii-do-campeonato-mineiro-retorna-no-dia-10-de-outubro","status":"publish","type":"post","link":"https:\/\/diarioregionaldigital.com.br\/?p=167074","title":{"rendered":"M\u00f3dulo II do Campeonato Mineiro retorna no dia 10 de outubro"},"content":{"rendered":"<p><span style=\"font-weight: 400;\">A Federa\u00e7\u00e3o Mineira de Futebol (FMF), se reuniu na segunda-feira (17), atrav\u00e9s de videoconfer\u00eancia junto aos clubes participantes do M\u00f3dulo II do Campeonato Mineiro e foi definido o retorno das atividades para o dia 10 de outubro.\u00a0<\/span><\/p>\n<p><span style=\"font-weight: 400;\">Sobre a quest\u00e3o das medidas de preven\u00e7\u00e3o ao Coronav\u00edrus, a entidade m\u00e1xima do futebol mineiro diz que \u201co protocolo m\u00e9dico desenvolvido pela FMF e aprovado pelo Governo do Estado de Minas Gerais, j\u00e1 adotado no M\u00f3dulo I desde o m\u00eas de julho, ser\u00e1 seguido para preservar a sa\u00fade de todos os envolvidos na competi\u00e7\u00e3o\u201d.<\/span><\/p>\n<p><span style=\"font-weight: 400;\">O sistema de disputa foi mantido e restam mais cinco partidas para encerrar a primeira fase do campeonato. Vale lembrar que os quatro primeiros colocados avan\u00e7am para a pr\u00f3xima fase e os dois piores times do campeonato s\u00e3o rebaixados. Os jogos restantes ser\u00e3o disputados nos dias 10, 17, 21, 24 e 31 do mesmo m\u00eas.<\/span><\/p>\n<p><span style=\"font-weight: 400;\">Na classifica\u00e7\u00e3o do M\u00f3dulo II, o Pouso Alegre lidera com 16 pontos. Nacional de Muria\u00e9 est\u00e1 na segunda posi\u00e7\u00e3o com 11, seguido por Athletic Club e Guarani, em 3\u00ba e 4\u00ba respectivamente, ambos com 10 pontos conquistados. O Tupi \u00e9 o 9\u00ba colocado com 6 pontos e pr\u00f3ximo da zona de rebaixamento. At\u00e9 ent\u00e3o, CAP Uberl\u00e2ndia e Mamor\u00e9 ocupam as duas \u00faltimas posi\u00e7\u00f5es, com 4 e 3 pontos respectivamente.<\/span><\/p>\n<p><b>Quadrangular final<\/b><\/p>\n<p><span style=\"font-weight: 400;\">Como citado anteriormente, os quatro primeiros na tabela de classifica\u00e7\u00e3o avan\u00e7am para a fase seguinte, conhecida como quadrangular final. Os jogos ser\u00e3o realizados nos dias 7, 11, 14, 18, 21 e 28 de novembro.\u00a0<\/span><\/p>\n<p><b>Novas contrata\u00e7\u00f5es<\/b><\/p>\n<p><span style=\"font-weight: 400;\">A FMF determinou que os clubes que contratarem novos jogadores, podem efetuar as inscri\u00e7\u00f5es at\u00e9 o \u00faltimo dia \u00fatil anterior ao primeiro jogo do quadrangular final, respeitando todas as regras previstas anteriormente (limite de 30 atletas por clube, 7 jogadores acima dos 24 anos de idade, nenhum atleta pode jogar por mais de uma equipe ao longo da competi\u00e7\u00e3o). Esta determina\u00e7\u00e3o foi feita em conjunto com os representantes dos clubes na confer\u00eancia.<\/span><\/p>\n","protected":false},"excerpt":{"rendered":"<p>A Federa\u00e7\u00e3o Mineira de Futebol (FMF), se reuniu na segunda-feira (17), atrav\u00e9s de videoconfer\u00eancia junto aos clubes participantes do M\u00f3dulo II do Campeonato Mineiro e foi definido o retorno das atividades para o dia 10 de outubro.\u00a0 Sobre a quest\u00e3o das medidas de preven\u00e7\u00e3o ao Coronav\u00edrus, a entidade m\u00e1xima do futebol mineiro diz que \u201co [&hellip;]<\/p>\n","protected":false},"author":96,"featured_media":167075,"comment_status":"closed","ping_status":"closed","sticky":false,"template":"","format":"standard","meta":{"footnotes":""},"categories":[436,257,439],"tags":[],"class_list":["post-167074","post","type-post","status-publish","format-standard","has-post-thumbnail","hentry","category-destaque-da-semana","category-esporte","category-ultima-hora"],"_links":{"self":[{"href":"https:\/\/diarioregionaldigital.com.br\/index.php?rest_route=\/wp\/v2\/posts\/167074","targetHints":{"allow":["GET"]}}],"collection":[{"href":"https:\/\/diarioregionaldigital.com.br\/index.php?rest_route=\/wp\/v2\/posts"}],"about":[{"href":"https:\/\/diarioregionaldigital.com.br\/index.php?rest_route=\/wp\/v2\/types\/post"}],"author":[{"embeddable":true,"href":"https:\/\/diarioregionaldigital.com.br\/index.php?rest_route=\/wp\/v2\/users\/96"}],"replies":[{"embeddable":true,"href":"https:\/\/diarioregionaldigital.com.br\/index.php?rest_route=%2Fwp%2Fv2%2Fcomments&post=167074"}],"version-history":[{"count":0,"href":"https:\/\/diarioregionaldigital.com.br\/index.php?rest_route=\/wp\/v2\/posts\/167074\/revisions"}],"wp:featuredmedia":[{"embeddable":true,"href":"https:\/\/diarioregionaldigital.com.br\/index.php?rest_route=\/wp\/v2\/media\/167075"}],"wp:attachment":[{"href":"https:\/\/diarioregionaldigital.com.br\/index.php?rest_route=%2Fwp%2Fv2%2Fmedia&parent=167074"}],"wp:term":[{"taxonomy":"category","embeddable":true,"href":"https:\/\/diarioregionaldigital.com.br\/index.php?rest_route=%2Fwp%2Fv2%2Fcategories&post=167074"},{"taxonomy":"post_tag","embeddable":true,"href":"https:\/\/diarioregionaldigital.com.br\/index.php?rest_route=%2Fwp%2Fv2%2Ftags&post=167074"}],"curies":[{"name":"wp","href":"https:\/\/api.w.org\/{rel}","templated":true}]}}