{"id":167071,"date":"2020-08-18T14:17:07","date_gmt":"2020-08-18T17:17:07","guid":{"rendered":"https:\/\/diarioregionaldigital.com.br\/?p=167071"},"modified":"2020-08-18T14:17:07","modified_gmt":"2020-08-18T17:17:07","slug":"fifa-promove-alteracoes-nos-calendarios-de-jogos-internacionais","status":"publish","type":"post","link":"https:\/\/diarioregionaldigital.com.br\/?p=167071","title":{"rendered":"FIFA promove altera\u00e7\u00f5es nos calend\u00e1rios de jogos internacionais"},"content":{"rendered":"<p><span style=\"font-weight: 400;\">O conselho da FIFA aprovou por unanimidade nessa ter\u00e7a-feira (18), uma s\u00e9rie de mudan\u00e7as no calend\u00e1rio de jogos das sele\u00e7\u00f5es masculinas e femininas de futebol, por conta do cen\u00e1rio atual da pandemia do Coronav\u00edrus pelo mundo.<\/span><\/p>\n<p><span style=\"font-weight: 400;\">A entidade m\u00e1xima do futebol mundial diz que foi criada de forma tempor\u00e1ria, uma nova Data FIFA para o in\u00edcio do ano de 2022, para substituir a janela de 31 de agosto a 8 de setembro deste ano, na qual apenas clubes da UEFA ser\u00e3o obrigados a liberar seus jogadores devido a disputa da Liga das Na\u00e7\u00f5es.<\/span><\/p>\n<p><span style=\"font-weight: 400;\">Em nota divulgada em seu site oficial, a FIFA diz que a decis\u00e3o foi tomada em conjunto com todas as confedera\u00e7\u00f5es filiadas \u00e0 entidade:<\/span><\/p>\n<p><span style=\"font-weight: 400;\">\u201cEssas mudan\u00e7as seguem um processo de consulta exaustivo com as confedera\u00e7\u00f5es e as partes interessadas do futebol. Esse processo resultou em propostas por meio do Grupo de Trabalho COVID-19 das Confedera\u00e7\u00f5es FIFA que mant\u00eam o princ\u00edpio previamente acordado de que uma abordagem feita sob medida e flex\u00edvel entre as confedera\u00e7\u00f5es \u00e9 necess\u00e1ria, refletindo as diversas circunst\u00e2ncias da pandemia em todo o mundo\u201d.\u00a0<\/span><\/p>\n<p><b>Mudan\u00e7as no calend\u00e1rio do futebol masculino<\/b><\/p>\n<ul>\n<li style=\"font-weight: 400;\"><span style=\"font-weight: 400;\">Para substituir a janela de 31 de agosto a 8 de setembro de 2020 por uma janela de 24 de janeiro a 1 de fevereiro de 2022 para todas as confedera\u00e7\u00f5es, exceto a UEFA. Isso significa que n\u00e3o h\u00e1 libera\u00e7\u00e3o obrigat\u00f3ria de jogadores para associa\u00e7\u00f5es membros dessas confedera\u00e7\u00f5es em setembro de 2020;<\/span><\/li>\n<li style=\"font-weight: 400;\"><span style=\"font-weight: 400;\">Incluir o novo per\u00edodo de janeiro de 2022 para a Copa Africana de Na\u00e7\u00f5es (AFCON), com as datas exatas a serem definidas posteriormente;\u00a0<\/span><\/li>\n<li style=\"font-weight: 400;\"><span style=\"font-weight: 400;\">Para incluir as novas datas da Copa de Ouro da Concacaf 2021 (rodadas preliminares de 2 a 6 de julho de 2021 e torneio final de 10 de julho a 1 de agosto de 2021) com lan\u00e7amento obrigat\u00f3rio a partir de 28 de junho de 2021.<\/span><\/li>\n<\/ul>\n<p><b>Mudan\u00e7as no calend\u00e1rio do futebol feminino<\/b><\/p>\n<ul>\n<li style=\"font-weight: 400;\"><span style=\"font-weight: 400;\">Substituir as datas do Torneio Ol\u00edmpico de Futebol Feminino, originalmente agendado para 22 de julho a 7 de agosto de 2020, por novas datas de 21 de julho a 6 de agosto de 2021;<\/span><\/li>\n<li style=\"font-weight: 400;\"><span style=\"font-weight: 400;\">Para finalizar as datas da janela Tipo I originalmente programada em junho-julho de 2021, de 7 a 15 de junho de 2021;<\/span><\/li>\n<li style=\"font-weight: 400;\"><span style=\"font-weight: 400;\">Cancelar a janela existente de 14 a 22 de setembro de 2020 para todas as confedera\u00e7\u00f5es, exceto UEFA;<\/span><\/li>\n<li style=\"font-weight: 400;\"><span style=\"font-weight: 400;\">Incluir juntamente com a janela do Tipo I existente de 13 a 21 de setembro de 2021, uma op\u00e7\u00e3o alternativa de uma janela do Tipo III de 13 a 25 de setembro de 2021 para todas as confedera\u00e7\u00f5es, exceto UEFA;<\/span><\/li>\n<li style=\"font-weight: 400;\"><span style=\"font-weight: 400;\">Finalizar as datas da janela existente do Tipo II em junho-julho de 2021, de 7 a 16 de junho de 2021 para todas as confedera\u00e7\u00f5es, exceto UEFA;<\/span><\/li>\n<li style=\"font-weight: 400;\"><span style=\"font-weight: 400;\">Remover o atual per\u00edodo bloqueado para a AFCON Feminina de 23 de novembro a 20 de dezembro de 2020; e<\/span><\/li>\n<li style=\"font-weight: 400;\"><span style=\"font-weight: 400;\">Para incluir a UEFA no per\u00edodo bloqueado de 4 de julho a 7 de agosto de 2022.<\/span><\/li>\n<\/ul>\n<p>&nbsp;<\/p>\n<p>&nbsp;<\/p>\n","protected":false},"excerpt":{"rendered":"<p>O conselho da FIFA aprovou por unanimidade nessa ter\u00e7a-feira (18), uma s\u00e9rie de mudan\u00e7as no calend\u00e1rio de jogos das sele\u00e7\u00f5es masculinas e femininas de futebol, por conta do cen\u00e1rio atual da pandemia do Coronav\u00edrus pelo mundo. A entidade m\u00e1xima do futebol mundial diz que foi criada de forma tempor\u00e1ria, uma nova Data FIFA para o [&hellip;]<\/p>\n","protected":false},"author":96,"featured_media":167072,"comment_status":"closed","ping_status":"closed","sticky":false,"template":"","format":"standard","meta":{"footnotes":""},"categories":[436,257,439],"tags":[],"class_list":["post-167071","post","type-post","status-publish","format-standard","has-post-thumbnail","hentry","category-destaque-da-semana","category-esporte","category-ultima-hora"],"_links":{"self":[{"href":"https:\/\/diarioregionaldigital.com.br\/index.php?rest_route=\/wp\/v2\/posts\/167071","targetHints":{"allow":["GET"]}}],"collection":[{"href":"https:\/\/diarioregionaldigital.com.br\/index.php?rest_route=\/wp\/v2\/posts"}],"about":[{"href":"https:\/\/diarioregionaldigital.com.br\/index.php?rest_route=\/wp\/v2\/types\/post"}],"author":[{"embeddable":true,"href":"https:\/\/diarioregionaldigital.com.br\/index.php?rest_route=\/wp\/v2\/users\/96"}],"replies":[{"embeddable":true,"href":"https:\/\/diarioregionaldigital.com.br\/index.php?rest_route=%2Fwp%2Fv2%2Fcomments&post=167071"}],"version-history":[{"count":0,"href":"https:\/\/diarioregionaldigital.com.br\/index.php?rest_route=\/wp\/v2\/posts\/167071\/revisions"}],"wp:featuredmedia":[{"embeddable":true,"href":"https:\/\/diarioregionaldigital.com.br\/index.php?rest_route=\/wp\/v2\/media\/167072"}],"wp:attachment":[{"href":"https:\/\/diarioregionaldigital.com.br\/index.php?rest_route=%2Fwp%2Fv2%2Fmedia&parent=167071"}],"wp:term":[{"taxonomy":"category","embeddable":true,"href":"https:\/\/diarioregionaldigital.com.br\/index.php?rest_route=%2Fwp%2Fv2%2Fcategories&post=167071"},{"taxonomy":"post_tag","embeddable":true,"href":"https:\/\/diarioregionaldigital.com.br\/index.php?rest_route=%2Fwp%2Fv2%2Ftags&post=167071"}],"curies":[{"name":"wp","href":"https:\/\/api.w.org\/{rel}","templated":true}]}}