{"id":166950,"date":"2020-08-17T13:41:30","date_gmt":"2020-08-17T16:41:30","guid":{"rendered":"https:\/\/diarioregionaldigital.com.br\/?p=166950"},"modified":"2020-08-17T13:41:30","modified_gmt":"2020-08-17T16:41:30","slug":"covid-19-estado-registra-1-313-novos-casos-em-24h","status":"publish","type":"post","link":"https:\/\/diarioregionaldigital.com.br\/?p=166950","title":{"rendered":"Covid-19: Estado registra 1.313 novos casos em 24h"},"content":{"rendered":"<p>A Secretaria de Estado da Sa\u00fade de Minas Gerais (SES-MG), informa em\u00a0<a href=\"https:\/\/www.saude.mg.gov.br\/images\/1_noticias\/10_2020\/1_jul-ago-set\/17-08-Boletim_Epidemiologico_COVID-19.pdf\">boletim epidemiol\u00f3gico<\/a> desta segunda-feira (17), que o estado registrou aumento de 1.313 novos casos por Coronav\u00edrus em 24h, acumulando total de 175.715. Segundo o levantamento, houve aumento de mais 91 mortes, contabilizando 4.223 \u00f3bitos. Conforme os dados, 142.118 pacientes est\u00e3o recuperados da doen\u00e7a, representando 80,8% dos casos. Al\u00e9m disso, 29.374 fazem acompanhamento m\u00e9dico. At\u00e9 ent\u00e3o foram feitos 91.489 testes laboratoriais, sendo que 22.579 deram positivo, 65.590 deram negativo e 1.476 est\u00e3o sob an\u00e1lise<\/p>\n<p>A SES-MG informa que com a unifica\u00e7\u00e3o das informa\u00e7\u00f5es repassadas pelas prefeituras ao sistema federal, n\u00e3o ser\u00e3o feitas divulga\u00e7\u00f5es sobre os \u00f3bitos, como sexo e idade, de forma tempor\u00e1ria. A previs\u00e3o \u00e9 que as tais informa\u00e7\u00f5es sejam retomadas na pr\u00f3xima semana.<\/p>\n","protected":false},"excerpt":{"rendered":"<p>A Secretaria de Estado da Sa\u00fade de Minas Gerais (SES-MG), informa em\u00a0boletim epidemiol\u00f3gico desta segunda-feira (17), que o estado registrou aumento de 1.313 novos casos por Coronav\u00edrus em 24h, acumulando total de 175.715. Segundo o levantamento, houve aumento de mais 91 mortes, contabilizando 4.223 \u00f3bitos. Conforme os dados, 142.118 pacientes est\u00e3o recuperados da doen\u00e7a, representando [&hellip;]<\/p>\n","protected":false},"author":96,"featured_media":160914,"comment_status":"closed","ping_status":"closed","sticky":false,"template":"","format":"standard","meta":{"footnotes":""},"categories":[436,440,252,439],"tags":[],"class_list":["post-166950","post","type-post","status-publish","format-standard","has-post-thumbnail","hentry","category-destaque-da-semana","category-destaques-do-dia","category-regiao","category-ultima-hora"],"_links":{"self":[{"href":"https:\/\/diarioregionaldigital.com.br\/index.php?rest_route=\/wp\/v2\/posts\/166950","targetHints":{"allow":["GET"]}}],"collection":[{"href":"https:\/\/diarioregionaldigital.com.br\/index.php?rest_route=\/wp\/v2\/posts"}],"about":[{"href":"https:\/\/diarioregionaldigital.com.br\/index.php?rest_route=\/wp\/v2\/types\/post"}],"author":[{"embeddable":true,"href":"https:\/\/diarioregionaldigital.com.br\/index.php?rest_route=\/wp\/v2\/users\/96"}],"replies":[{"embeddable":true,"href":"https:\/\/diarioregionaldigital.com.br\/index.php?rest_route=%2Fwp%2Fv2%2Fcomments&post=166950"}],"version-history":[{"count":0,"href":"https:\/\/diarioregionaldigital.com.br\/index.php?rest_route=\/wp\/v2\/posts\/166950\/revisions"}],"wp:featuredmedia":[{"embeddable":true,"href":"https:\/\/diarioregionaldigital.com.br\/index.php?rest_route=\/wp\/v2\/media\/160914"}],"wp:attachment":[{"href":"https:\/\/diarioregionaldigital.com.br\/index.php?rest_route=%2Fwp%2Fv2%2Fmedia&parent=166950"}],"wp:term":[{"taxonomy":"category","embeddable":true,"href":"https:\/\/diarioregionaldigital.com.br\/index.php?rest_route=%2Fwp%2Fv2%2Fcategories&post=166950"},{"taxonomy":"post_tag","embeddable":true,"href":"https:\/\/diarioregionaldigital.com.br\/index.php?rest_route=%2Fwp%2Fv2%2Ftags&post=166950"}],"curies":[{"name":"wp","href":"https:\/\/api.w.org\/{rel}","templated":true}]}}