{"id":166942,"date":"2020-08-16T00:09:37","date_gmt":"2020-08-16T03:09:37","guid":{"rendered":"https:\/\/diarioregionaldigital.com.br\/?p=166942"},"modified":"2020-08-15T20:31:53","modified_gmt":"2020-08-15T23:31:53","slug":"donas-das-suas-narrativas","status":"publish","type":"post","link":"https:\/\/diarioregionaldigital.com.br\/?p=166942","title":{"rendered":"DONAS DAS SUAS NARRATIVAS"},"content":{"rendered":"<p>O rejuvenescimento for\u00e7ado sempre foi imposto \u00e0s mulheres pela ind\u00fastria da moda e est\u00e9tica. Assim, nos habituamos ao protagonismo feminino em an\u00fancios, idealizando o corpo jovem e manipulado por editores de imagem, invisibilizando as mulheres acima de 30 anos.<\/p>\n<p>Felizmente as redes sociais abriram os caminhos para a visibilidade das mulheres de diferentes idades serem vistas e retratadas como donas das suas narrativas, desejos e conquistas. O foco deixou de ser se parecer mais nova, mas se parecer com voc\u00ea mesma.<\/p>\n<p>&nbsp;<\/p>\n<p><a href=\"https:\/\/diarioregionaldigital.com.br\/wp-content\/uploads\/2020\/08\/diario-pagina-06-18.pdf\">CLIQUE AQUI PARA LER A COLUNA COMPLETA<\/a><\/p>\n","protected":false},"excerpt":{"rendered":"<p>O rejuvenescimento for\u00e7ado sempre foi imposto \u00e0s mulheres pela ind\u00fastria da moda e est\u00e9tica. Assim, nos habituamos ao protagonismo feminino em an\u00fancios, idealizando o corpo jovem e manipulado por editores de imagem, invisibilizando as mulheres acima de 30 anos. Felizmente as redes sociais abriram os caminhos para a visibilidade das mulheres de diferentes idades serem [&hellip;]<\/p>\n","protected":false},"author":96,"featured_media":166944,"comment_status":"closed","ping_status":"closed","sticky":false,"template":"","format":"standard","meta":{"footnotes":""},"categories":[1230],"tags":[],"class_list":["post-166942","post","type-post","status-publish","format-standard","has-post-thumbnail","hentry","category-moda-maria-carolina"],"_links":{"self":[{"href":"https:\/\/diarioregionaldigital.com.br\/index.php?rest_route=\/wp\/v2\/posts\/166942","targetHints":{"allow":["GET"]}}],"collection":[{"href":"https:\/\/diarioregionaldigital.com.br\/index.php?rest_route=\/wp\/v2\/posts"}],"about":[{"href":"https:\/\/diarioregionaldigital.com.br\/index.php?rest_route=\/wp\/v2\/types\/post"}],"author":[{"embeddable":true,"href":"https:\/\/diarioregionaldigital.com.br\/index.php?rest_route=\/wp\/v2\/users\/96"}],"replies":[{"embeddable":true,"href":"https:\/\/diarioregionaldigital.com.br\/index.php?rest_route=%2Fwp%2Fv2%2Fcomments&post=166942"}],"version-history":[{"count":0,"href":"https:\/\/diarioregionaldigital.com.br\/index.php?rest_route=\/wp\/v2\/posts\/166942\/revisions"}],"wp:featuredmedia":[{"embeddable":true,"href":"https:\/\/diarioregionaldigital.com.br\/index.php?rest_route=\/wp\/v2\/media\/166944"}],"wp:attachment":[{"href":"https:\/\/diarioregionaldigital.com.br\/index.php?rest_route=%2Fwp%2Fv2%2Fmedia&parent=166942"}],"wp:term":[{"taxonomy":"category","embeddable":true,"href":"https:\/\/diarioregionaldigital.com.br\/index.php?rest_route=%2Fwp%2Fv2%2Fcategories&post=166942"},{"taxonomy":"post_tag","embeddable":true,"href":"https:\/\/diarioregionaldigital.com.br\/index.php?rest_route=%2Fwp%2Fv2%2Ftags&post=166942"}],"curies":[{"name":"wp","href":"https:\/\/api.w.org\/{rel}","templated":true}]}}