{"id":166939,"date":"2020-08-15T14:03:48","date_gmt":"2020-08-15T17:03:48","guid":{"rendered":"https:\/\/diarioregionaldigital.com.br\/?p=166939"},"modified":"2020-08-15T14:03:48","modified_gmt":"2020-08-15T17:03:48","slug":"mercedes-mantem-dominio-e-lewis-hamilton-larga-na-pole-no-gp-da-espanha","status":"publish","type":"post","link":"https:\/\/diarioregionaldigital.com.br\/?p=166939","title":{"rendered":"Mercedes mant\u00e9m dom\u00ednio e Lewis Hamilton larga na pole no GP da Espanha"},"content":{"rendered":"<p>O ingl\u00eas Lewis Hamilton, cravou a pole position de n\u00famero 92 de sua carreira e larga na frente no Grande Pr\u00eamio da Espanha de F1. O piloto da Mercedes foi o mais r\u00e1pido com o tempo de 1:15.584, superando seu companheiro Valtteri Bottas por apenas 0s059, que fechou a \u00faltima parte do treino com 1:15.643. O holand\u00eas Max Verstappen ficou em terceiro com 1:16.292 e confirmou ser a principal amea\u00e7a ao dom\u00ednio das Mercedes.<\/p>\n<p>Completam os dez primeiros, do quarto ao d\u00e9cimo lugares, Sergio P\u00e9rez (Racing Point), Lance Stroll (Racing Point), Alexander Albon (RBR), Carlos Sainz Jr. (McLaren), Lando Norris (McLaren), Charles Leclerc (Ferrari) e Pierre Gasly (AlphaTauri). Em mais um dia dif\u00edcil para a Ferrari, o tetracampe\u00e3o Sebastian Vettel ficou em 11\u00ba lugar. A corrida ser\u00e1 amanh\u00e3 (16), \u00e0s 10h10 (hor\u00e1rio de Bras\u00edlia, ser\u00e3o 66 voltas pelo Circuito da Catalunha em Barcelona na Espanha.<\/p>\n<p><img decoding=\"async\" src=\"https:\/\/s2.glbimg.com\/FYavudrR-9ZaUOudzZXSDCWXy7k=\/0x0:1024x576\/984x0\/smart\/filters:strip_icc()\/i.s3.glbimg.com\/v1\/AUTH_bc8228b6673f488aa253bbcb03c80ec5\/internal_photos\/bs\/2020\/M\/V\/PXBvHuQS6oo96Vr0ZvRw\/q3barcelona.jfif\" alt=\"Resultado final da classifica\u00e7\u00e3o em Barcelona \u2014 Foto: Reprodu\u00e7\u00e3o\/FOM\" \/><\/p>\n","protected":false},"excerpt":{"rendered":"<p>O ingl\u00eas Lewis Hamilton, cravou a pole position de n\u00famero 92 de sua carreira e larga na frente no Grande Pr\u00eamio da Espanha de F1. O piloto da Mercedes foi o mais r\u00e1pido com o tempo de 1:15.584, superando seu companheiro Valtteri Bottas por apenas 0s059, que fechou a \u00faltima parte do treino com 1:15.643. [&hellip;]<\/p>\n","protected":false},"author":96,"featured_media":166940,"comment_status":"closed","ping_status":"closed","sticky":false,"template":"","format":"standard","meta":{"footnotes":""},"categories":[436,257,439],"tags":[],"class_list":["post-166939","post","type-post","status-publish","format-standard","has-post-thumbnail","hentry","category-destaque-da-semana","category-esporte","category-ultima-hora"],"_links":{"self":[{"href":"https:\/\/diarioregionaldigital.com.br\/index.php?rest_route=\/wp\/v2\/posts\/166939","targetHints":{"allow":["GET"]}}],"collection":[{"href":"https:\/\/diarioregionaldigital.com.br\/index.php?rest_route=\/wp\/v2\/posts"}],"about":[{"href":"https:\/\/diarioregionaldigital.com.br\/index.php?rest_route=\/wp\/v2\/types\/post"}],"author":[{"embeddable":true,"href":"https:\/\/diarioregionaldigital.com.br\/index.php?rest_route=\/wp\/v2\/users\/96"}],"replies":[{"embeddable":true,"href":"https:\/\/diarioregionaldigital.com.br\/index.php?rest_route=%2Fwp%2Fv2%2Fcomments&post=166939"}],"version-history":[{"count":0,"href":"https:\/\/diarioregionaldigital.com.br\/index.php?rest_route=\/wp\/v2\/posts\/166939\/revisions"}],"wp:featuredmedia":[{"embeddable":true,"href":"https:\/\/diarioregionaldigital.com.br\/index.php?rest_route=\/wp\/v2\/media\/166940"}],"wp:attachment":[{"href":"https:\/\/diarioregionaldigital.com.br\/index.php?rest_route=%2Fwp%2Fv2%2Fmedia&parent=166939"}],"wp:term":[{"taxonomy":"category","embeddable":true,"href":"https:\/\/diarioregionaldigital.com.br\/index.php?rest_route=%2Fwp%2Fv2%2Fcategories&post=166939"},{"taxonomy":"post_tag","embeddable":true,"href":"https:\/\/diarioregionaldigital.com.br\/index.php?rest_route=%2Fwp%2Fv2%2Ftags&post=166939"}],"curies":[{"name":"wp","href":"https:\/\/api.w.org\/{rel}","templated":true}]}}