{"id":166928,"date":"2020-08-15T06:00:49","date_gmt":"2020-08-15T09:00:49","guid":{"rendered":"https:\/\/diarioregionaldigital.com.br\/?p=166928"},"modified":"2020-08-15T03:41:44","modified_gmt":"2020-08-15T06:41:44","slug":"prefeitura-municipal-de-tocantins-processo-no090-16-08-2020","status":"publish","type":"post","link":"https:\/\/diarioregionaldigital.com.br\/?p=166928","title":{"rendered":"Prefeitura Municipal de Tocantins &#8211; Processo n\u00ba090 &#8211; 16\/08\/2020"},"content":{"rendered":"<p style=\"text-align: center;\"><strong>PREFEITURA MUNICIPAL DE TOCANTINS\/MG<\/strong><\/p>\n<p style=\"text-align: center;\"><strong>AVISO DE LICITA\u00c7\u00c3O<\/strong><\/p>\n<p style=\"text-align: center;\"><strong>Licita\u00e7\u00e3o Processo\u00a0 n\u00b0 090\/2020<\/strong><\/p>\n<p style=\"text-align: center;\"><strong>Modalidade de Preg\u00e3o Presencial n\u00b0 040\/2020<\/strong><\/p>\n<p style=\"text-align: center;\">O Munic\u00edpio de TOCANTINS\/MG, na forma da lei, faz saber a todos os interessados que far\u00e1 licita\u00e7\u00e3o tendo como objeto\u00a0PREG\u00c3O PRESENCIAL modalidade de REGISTRO DE PRE\u00c7O adotando MENOR PRE\u00c7O POR ITEM para aquisi\u00e7\u00e3o\u00a0 de PNEUS, C\u00c2MARA DE AR E PROTETORES para atender a frota de ve\u00edculos leves e pesados como m\u00e1quinas e tratores,\u00a0<strong>conforme Termo de Refer\u00eancia do Edital,\u00a0<\/strong>cuja\u00a0<strong>sess\u00e3o p\u00fablica se dar\u00e1 no dia 27 de agosto de 2020 \u00e0s 08:00 horas<\/strong>\u00a0na sala da comiss\u00e3o de licita\u00e7\u00e3o, localizada na Av. Padre Mac\u00e1rio, n\u00b0 129, bairro Centro, munic\u00edpio de TOCANTINS\/MG. O edital completo encontra-se a disposi\u00e7\u00e3o dos interessados no endere\u00e7o citado anteriormente, no hor\u00e1rio de expediente de 07:00 as 11:00 horas e ou endere\u00e7o eletr\u00f4nico\u00a0<a href=\"http:\/\/tocantins.mg.gov.br\/\">http:\/\/tocantins.mg.gov.br\/<\/a>. TOCANTINS, 14 de AGOSTO de 2020.<\/p>\n<p style=\"text-align: center;\"><strong>LUIZ FERNANDO BARBOSA DA SILVA<\/strong><\/p>\n<p style=\"text-align: center;\"><strong>\u00a0Pregoeiro<\/strong><\/p>\n","protected":false},"excerpt":{"rendered":"<p>PREFEITURA MUNICIPAL DE TOCANTINS\/MG AVISO DE LICITA\u00c7\u00c3O Licita\u00e7\u00e3o Processo\u00a0 n\u00b0 090\/2020 Modalidade de Preg\u00e3o Presencial n\u00b0 040\/2020 O Munic\u00edpio de TOCANTINS\/MG, na forma da lei, faz saber a todos os interessados que far\u00e1 licita\u00e7\u00e3o tendo como objeto\u00a0PREG\u00c3O PRESENCIAL modalidade de REGISTRO DE PRE\u00c7O adotando MENOR PRE\u00c7O POR ITEM para aquisi\u00e7\u00e3o\u00a0 de PNEUS, C\u00c2MARA DE AR [&hellip;]<\/p>\n","protected":false},"author":96,"featured_media":0,"comment_status":"closed","ping_status":"closed","sticky":false,"template":"","format":"standard","meta":{"footnotes":""},"categories":[307],"tags":[],"class_list":["post-166928","post","type-post","status-publish","format-standard","hentry","category-editais"],"_links":{"self":[{"href":"https:\/\/diarioregionaldigital.com.br\/index.php?rest_route=\/wp\/v2\/posts\/166928","targetHints":{"allow":["GET"]}}],"collection":[{"href":"https:\/\/diarioregionaldigital.com.br\/index.php?rest_route=\/wp\/v2\/posts"}],"about":[{"href":"https:\/\/diarioregionaldigital.com.br\/index.php?rest_route=\/wp\/v2\/types\/post"}],"author":[{"embeddable":true,"href":"https:\/\/diarioregionaldigital.com.br\/index.php?rest_route=\/wp\/v2\/users\/96"}],"replies":[{"embeddable":true,"href":"https:\/\/diarioregionaldigital.com.br\/index.php?rest_route=%2Fwp%2Fv2%2Fcomments&post=166928"}],"version-history":[{"count":0,"href":"https:\/\/diarioregionaldigital.com.br\/index.php?rest_route=\/wp\/v2\/posts\/166928\/revisions"}],"wp:attachment":[{"href":"https:\/\/diarioregionaldigital.com.br\/index.php?rest_route=%2Fwp%2Fv2%2Fmedia&parent=166928"}],"wp:term":[{"taxonomy":"category","embeddable":true,"href":"https:\/\/diarioregionaldigital.com.br\/index.php?rest_route=%2Fwp%2Fv2%2Fcategories&post=166928"},{"taxonomy":"post_tag","embeddable":true,"href":"https:\/\/diarioregionaldigital.com.br\/index.php?rest_route=%2Fwp%2Fv2%2Ftags&post=166928"}],"curies":[{"name":"wp","href":"https:\/\/api.w.org\/{rel}","templated":true}]}}