{"id":166916,"date":"2020-08-16T06:00:25","date_gmt":"2020-08-16T09:00:25","guid":{"rendered":"https:\/\/diarioregionaldigital.com.br\/?p=166916"},"modified":"2020-08-15T02:25:24","modified_gmt":"2020-08-15T05:25:24","slug":"alem-do-marketing","status":"publish","type":"post","link":"https:\/\/diarioregionaldigital.com.br\/?p=166916","title":{"rendered":"Al\u00e9m do Marketing"},"content":{"rendered":"<p style=\"text-align: center;\"><strong>Al\u00e9m do Marketing<\/strong><\/p>\n<p style=\"text-align: center;\">O Combate ao racismo, \u00e0 desigualdade de g\u00eanero e a homofobia ganha for\u00e7a nas empresas. Sob press\u00e3o de consumidores e empregados, elas adotam programas com metas, sabendo que a diversidade amplia mercados e aumenta os lucros.<\/p>\n<p style=\"text-align: center;\"><strong>Extra..Extra<\/strong><\/p>\n<p style=\"text-align: center;\">Somos absolutamente \u00e0 favor da liberdade de express\u00e3o. No entanto, este colunista n\u00e3o gosta de pol\u00edtica. A mat\u00e9ria pol\u00edtica \u00e9 ef\u00eamera. Parece aqueles pequenos avi\u00f5es que desenham e escrevem com fuma\u00e7a no c\u00e9u. Voc\u00ea est\u00e1 nas nuvens, circulando para l\u00e1 e para c\u00e1, escrevendo palavras que, momentos depois, perdem forma e desaparecem para sempre.<\/p>\n<p style=\"text-align: center;\"><strong>Educa\u00e7\u00e3o<\/strong><\/p>\n<p style=\"text-align: center;\">Uma tempestade perfeita atinge o sistema de ensino no pa\u00eds. Com a crise causada pela pandemia, estudantes se vem obrigados a cortar custos e acabam deixando as institui\u00e7\u00f5es privadas para ingressar em escolas gratuitas. Por\u00e9m com a queda na arrecada\u00e7\u00e3o de impostos, a rede p\u00fablica ganha alunos ao mesmo tempo em que perde or\u00e7amento.<\/p>\n<p style=\"text-align: center;\"><strong>Oxig\u00eanio<\/strong><\/p>\n<p style=\"text-align: center;\">A reabertura do com\u00e9rcio em Juiz de Fora foi a melhor not\u00edcia para os empres\u00e1rios do setor. O com\u00e9rcio n\u00e3o aguentava mais suas portas fechadas por tanto tempo. Mas alertamos para n\u00e3o esquecer dos protocolos de seguran\u00e7a, pois \u00e9 importante a reabertura das lojas, para aquecer a economia local de agora em diante.<\/p>\n<p style=\"text-align: center;\"><span style=\"font-size: 14pt;\"><strong>Para Refletir<\/strong><\/span><\/p>\n<p style=\"text-align: center;\">Em tempos de pandemia \u00e9 bom lembrar que o Brasil tem excelentes cientistas e universidades. Temos que valorizar muito suas contribui\u00e7\u00f5es e apoiar os cientistas brasileiros. Nossos aplausos ao Instituto Nacional de Pesquisa da Amaz\u00f4nia (INPA) sobre a urg\u00eancia em proteger ind\u00edgenas da Covid-19.<\/p>\n<div id=\"attachment_166908\" style=\"width: 690px\" class=\"wp-caption aligncenter\"><img loading=\"lazy\" decoding=\"async\" aria-describedby=\"caption-attachment-166908\" class=\"wp-image-166908\" src=\"https:\/\/diarioregionaldigital.com.br\/wp-content\/uploads\/2020\/08\/fotoa-7-e1597467880978.jpg\" alt=\"\" width=\"680\" height=\"484\" srcset=\"https:\/\/diarioregionaldigital.com.br\/wp-content\/uploads\/2020\/08\/fotoa-7-e1597467880978.jpg 1439w, https:\/\/diarioregionaldigital.com.br\/wp-content\/uploads\/2020\/08\/fotoa-7-e1597467880978-300x214.jpg 300w, https:\/\/diarioregionaldigital.com.br\/wp-content\/uploads\/2020\/08\/fotoa-7-e1597467880978-1024x729.jpg 1024w, https:\/\/diarioregionaldigital.com.br\/wp-content\/uploads\/2020\/08\/fotoa-7-e1597467880978-768x547.jpg 768w, https:\/\/diarioregionaldigital.com.br\/wp-content\/uploads\/2020\/08\/fotoa-7-e1597467880978-360x256.jpg 360w, https:\/\/diarioregionaldigital.com.br\/wp-content\/uploads\/2020\/08\/fotoa-7-e1597467880978-100x70.jpg 100w\" sizes=\"auto, (max-width: 680px) 100vw, 680px\" \/><p id=\"caption-attachment-166908\" class=\"wp-caption-text\">O domingo \u00e9 da modelo Lorena Rodrigues<\/p><\/div>\n<div id=\"attachment_166909\" style=\"width: 690px\" class=\"wp-caption aligncenter\"><img loading=\"lazy\" decoding=\"async\" aria-describedby=\"caption-attachment-166909\" class=\"wp-image-166909\" src=\"https:\/\/diarioregionaldigital.com.br\/wp-content\/uploads\/2020\/08\/fotob-7-e1597467942518.jpg\" alt=\"\" width=\"680\" height=\"500\" srcset=\"https:\/\/diarioregionaldigital.com.br\/wp-content\/uploads\/2020\/08\/fotob-7-e1597467942518.jpg 852w, https:\/\/diarioregionaldigital.com.br\/wp-content\/uploads\/2020\/08\/fotob-7-e1597467942518-300x220.jpg 300w, https:\/\/diarioregionaldigital.com.br\/wp-content\/uploads\/2020\/08\/fotob-7-e1597467942518-768x564.jpg 768w, https:\/\/diarioregionaldigital.com.br\/wp-content\/uploads\/2020\/08\/fotob-7-e1597467942518-360x265.jpg 360w\" sizes=\"auto, (max-width: 680px) 100vw, 680px\" \/><p id=\"caption-attachment-166909\" class=\"wp-caption-text\">Em Cabo frio, o estilo do coiffeur das estrela, Igor Juliane<\/p><\/div>\n<div id=\"attachment_166910\" style=\"width: 690px\" class=\"wp-caption aligncenter\"><img loading=\"lazy\" decoding=\"async\" aria-describedby=\"caption-attachment-166910\" class=\"wp-image-166910\" src=\"https:\/\/diarioregionaldigital.com.br\/wp-content\/uploads\/2020\/08\/fotoc-8-e1597467989263.jpg\" alt=\"\" width=\"680\" height=\"493\" srcset=\"https:\/\/diarioregionaldigital.com.br\/wp-content\/uploads\/2020\/08\/fotoc-8-e1597467989263.jpg 1060w, https:\/\/diarioregionaldigital.com.br\/wp-content\/uploads\/2020\/08\/fotoc-8-e1597467989263-300x217.jpg 300w, https:\/\/diarioregionaldigital.com.br\/wp-content\/uploads\/2020\/08\/fotoc-8-e1597467989263-1024x742.jpg 1024w, https:\/\/diarioregionaldigital.com.br\/wp-content\/uploads\/2020\/08\/fotoc-8-e1597467989263-768x556.jpg 768w, https:\/\/diarioregionaldigital.com.br\/wp-content\/uploads\/2020\/08\/fotoc-8-e1597467989263-360x261.jpg 360w\" sizes=\"auto, (max-width: 680px) 100vw, 680px\" \/><p id=\"caption-attachment-166910\" class=\"wp-caption-text\">Um foco de luz na bela jornalista Michele Meirelles<\/p><\/div>\n<div id=\"attachment_166912\" style=\"width: 690px\" class=\"wp-caption aligncenter\"><img loading=\"lazy\" decoding=\"async\" aria-describedby=\"caption-attachment-166912\" class=\"wp-image-166912\" src=\"https:\/\/diarioregionaldigital.com.br\/wp-content\/uploads\/2020\/08\/fotof-6-e1597468108869.jpg\" alt=\"\" width=\"680\" height=\"488\" srcset=\"https:\/\/diarioregionaldigital.com.br\/wp-content\/uploads\/2020\/08\/fotof-6-e1597468108869.jpg 676w, https:\/\/diarioregionaldigital.com.br\/wp-content\/uploads\/2020\/08\/fotof-6-e1597468108869-300x215.jpg 300w, https:\/\/diarioregionaldigital.com.br\/wp-content\/uploads\/2020\/08\/fotof-6-e1597468108869-360x258.jpg 360w\" sizes=\"auto, (max-width: 680px) 100vw, 680px\" \/><p id=\"caption-attachment-166912\" class=\"wp-caption-text\">Mulheres empoderadas, Laura Rodrigues e Fernanda Queiroz<\/p><\/div>\n<div id=\"attachment_166913\" style=\"width: 690px\" class=\"wp-caption aligncenter\"><img loading=\"lazy\" decoding=\"async\" aria-describedby=\"caption-attachment-166913\" class=\"wp-image-166913\" src=\"https:\/\/diarioregionaldigital.com.br\/wp-content\/uploads\/2020\/08\/fotog-1-e1597468301228.jpeg\" alt=\"\" width=\"680\" height=\"503\" srcset=\"https:\/\/diarioregionaldigital.com.br\/wp-content\/uploads\/2020\/08\/fotog-1-e1597468301228.jpeg 960w, https:\/\/diarioregionaldigital.com.br\/wp-content\/uploads\/2020\/08\/fotog-1-e1597468301228-300x222.jpeg 300w, https:\/\/diarioregionaldigital.com.br\/wp-content\/uploads\/2020\/08\/fotog-1-e1597468301228-768x568.jpeg 768w, https:\/\/diarioregionaldigital.com.br\/wp-content\/uploads\/2020\/08\/fotog-1-e1597468301228-360x266.jpeg 360w\" sizes=\"auto, (max-width: 680px) 100vw, 680px\" \/><p id=\"caption-attachment-166913\" class=\"wp-caption-text\">Em Lima Duarte (MG), o estiloso Everson Oliveira<\/p><\/div>\n<div id=\"attachment_166914\" style=\"width: 690px\" class=\"wp-caption aligncenter\"><img loading=\"lazy\" decoding=\"async\" aria-describedby=\"caption-attachment-166914\" class=\"wp-image-166914\" src=\"https:\/\/diarioregionaldigital.com.br\/wp-content\/uploads\/2020\/08\/fotoh-5-e1597468348680.jpg\" alt=\"\" width=\"680\" height=\"504\" srcset=\"https:\/\/diarioregionaldigital.com.br\/wp-content\/uploads\/2020\/08\/fotoh-5-e1597468348680.jpg 817w, https:\/\/diarioregionaldigital.com.br\/wp-content\/uploads\/2020\/08\/fotoh-5-e1597468348680-300x223.jpg 300w, https:\/\/diarioregionaldigital.com.br\/wp-content\/uploads\/2020\/08\/fotoh-5-e1597468348680-768x570.jpg 768w, https:\/\/diarioregionaldigital.com.br\/wp-content\/uploads\/2020\/08\/fotoh-5-e1597468348680-360x267.jpg 360w\" sizes=\"auto, (max-width: 680px) 100vw, 680px\" \/><p id=\"caption-attachment-166914\" class=\"wp-caption-text\">As locomotivas Myrliane Le\u00e3o e Duda Peres no Leblon (RJ)<\/p><\/div>\n<div id=\"attachment_166915\" style=\"width: 690px\" class=\"wp-caption aligncenter\"><img loading=\"lazy\" decoding=\"async\" aria-describedby=\"caption-attachment-166915\" class=\"wp-image-166915\" src=\"https:\/\/diarioregionaldigital.com.br\/wp-content\/uploads\/2020\/08\/fotoi-3-e1597468446921.jpg\" alt=\"\" width=\"680\" height=\"467\" srcset=\"https:\/\/diarioregionaldigital.com.br\/wp-content\/uploads\/2020\/08\/fotoi-3-e1597468446921.jpg 768w, https:\/\/diarioregionaldigital.com.br\/wp-content\/uploads\/2020\/08\/fotoi-3-e1597468446921-300x206.jpg 300w, https:\/\/diarioregionaldigital.com.br\/wp-content\/uploads\/2020\/08\/fotoi-3-e1597468446921-360x247.jpg 360w, https:\/\/diarioregionaldigital.com.br\/wp-content\/uploads\/2020\/08\/fotoi-3-e1597468446921-100x70.jpg 100w\" sizes=\"auto, (max-width: 680px) 100vw, 680px\" \/><p id=\"caption-attachment-166915\" class=\"wp-caption-text\">No Rio de Janeiro de antes, o casal querido Jeycow Ferraz e J\u00f4 Oliveira<\/p><\/div>\n<div id=\"attachment_166911\" style=\"width: 690px\" class=\"wp-caption aligncenter\"><img loading=\"lazy\" decoding=\"async\" aria-describedby=\"caption-attachment-166911\" class=\"wp-image-166911\" src=\"https:\/\/diarioregionaldigital.com.br\/wp-content\/uploads\/2020\/08\/fotoe-8-e1597468023413.jpg\" alt=\"\" width=\"680\" height=\"478\" srcset=\"https:\/\/diarioregionaldigital.com.br\/wp-content\/uploads\/2020\/08\/fotoe-8-e1597468023413.jpg 928w, https:\/\/diarioregionaldigital.com.br\/wp-content\/uploads\/2020\/08\/fotoe-8-e1597468023413-300x210.jpg 300w, https:\/\/diarioregionaldigital.com.br\/wp-content\/uploads\/2020\/08\/fotoe-8-e1597468023413-768x540.jpg 768w, https:\/\/diarioregionaldigital.com.br\/wp-content\/uploads\/2020\/08\/fotoe-8-e1597468023413-360x253.jpg 360w, https:\/\/diarioregionaldigital.com.br\/wp-content\/uploads\/2020\/08\/fotoe-8-e1597468023413-100x70.jpg 100w\" sizes=\"auto, (max-width: 680px) 100vw, 680px\" \/><p id=\"caption-attachment-166911\" class=\"wp-caption-text\">Reuni\u00e3o de poderosos na Paineiras: Carlos Sacchi, S\u00e9rgio Ferreira Rocha e Wesley Monteiro<\/p><\/div>\n<p style=\"text-align: center;\"><strong>FOTOSS\u00cdNTESE<\/strong><\/p>\n<p>Correio Elegante: abra\u00e7os afetuosos para: Marc\u00edlio Gomes, Victor Maia, Lais Neto, Lucinha Silva, Manoel e Cristiane Resende, Padre Pierre, L\u00facia Schimidt, Norama e Evandro Mansur, Marcus Lima e Susete Penido, Eduardo Lucas, Lulude Nascimento e Paula Serrano.<\/p>\n<p>Nas ruas de Juiz de Fora chama aten\u00e7\u00e3o a coleta de assinaturas com alvo no trato da integra\u00e7\u00e3o das politicas das pessoas idosas. O articulador e o l\u00edder do Renoca Br em Juiz de Fora, Diego Novaes.<\/p>\n<p>O professor Daniel Giotti se destacou com sua live no Instagram da Federaminas. Dialogando com o presidente da Federa\u00e7\u00e3o desenvolveu o tema \u201cLiberdade econ\u00f4mica, reforma tribut\u00e1ria e desburocratiza\u00e7\u00e3o\u201d.<\/p>\n<p>J\u00e1 foi dado pela Prefeitura de Juiz de Fora o in\u00edcio \u00e0 execu\u00e7\u00e3o do plano para o retorno \u00e0s aulas em formato on-line do Curso Preparat\u00f3rio para Concursos (CPC).<\/p>\n<p>Aten\u00e7\u00e3o: eleitores que perderam prazo para fazer a biometria n\u00e3o poder\u00e3o votar. Segundo o TSE cadastro \u00e9 uma exig\u00eancia, o que justifica o impedimento.<\/p>\n<p>Juntando gente do bem, a AME e o Rotary Club Sul entregaram cerca de mil p\u00e3es artesanais para o Abrigo Santa Helena, Associa\u00e7\u00e3o dos Cegos e outros institui\u00e7\u00f5es.<\/p>\n<p>Em cerim\u00f4nia civil, o bonito casal Igor Ribeiro Signorelli e Laila Nader oficializaram casamento em sess\u00e3o flor de laranjeira s\u00f3 para familiares.<\/p>\n<p>Para parar o tr\u00e2nsito: Siga voc\u00ea mesmo. Seja o que voc\u00ea quiser ser. Bom dia!<\/p>\n<p><img loading=\"lazy\" decoding=\"async\" class=\"aligncenter size-full wp-image-166917\" src=\"https:\/\/diarioregionaldigital.com.br\/wp-content\/uploads\/2020\/08\/anuncio67-scaled.jpg\" alt=\"\" width=\"2560\" height=\"964\" srcset=\"https:\/\/diarioregionaldigital.com.br\/wp-content\/uploads\/2020\/08\/anuncio67-scaled.jpg 2560w, https:\/\/diarioregionaldigital.com.br\/wp-content\/uploads\/2020\/08\/anuncio67-300x113.jpg 300w, https:\/\/diarioregionaldigital.com.br\/wp-content\/uploads\/2020\/08\/anuncio67-1024x386.jpg 1024w, https:\/\/diarioregionaldigital.com.br\/wp-content\/uploads\/2020\/08\/anuncio67-768x289.jpg 768w, https:\/\/diarioregionaldigital.com.br\/wp-content\/uploads\/2020\/08\/anuncio67-1536x578.jpg 1536w, https:\/\/diarioregionaldigital.com.br\/wp-content\/uploads\/2020\/08\/anuncio67-2048x771.jpg 2048w, https:\/\/diarioregionaldigital.com.br\/wp-content\/uploads\/2020\/08\/anuncio67-360x136.jpg 360w\" sizes=\"auto, (max-width: 2560px) 100vw, 2560px\" \/><\/p>\n","protected":false},"excerpt":{"rendered":"<p>Al\u00e9m do Marketing O Combate ao racismo, \u00e0 desigualdade de g\u00eanero e a homofobia ganha for\u00e7a nas empresas. Sob press\u00e3o de consumidores e empregados, elas adotam programas com metas, sabendo que a diversidade amplia mercados e aumenta os lucros. Extra..Extra Somos absolutamente \u00e0 favor da liberdade de express\u00e3o. No entanto, este colunista n\u00e3o gosta de [&hellip;]<\/p>\n","protected":false},"author":96,"featured_media":166908,"comment_status":"closed","ping_status":"closed","sticky":false,"template":"","format":"standard","meta":{"footnotes":""},"categories":[264],"tags":[],"class_list":["post-166916","post","type-post","status-publish","format-standard","has-post-thumbnail","hentry","category-eduardo-gomes"],"_links":{"self":[{"href":"https:\/\/diarioregionaldigital.com.br\/index.php?rest_route=\/wp\/v2\/posts\/166916","targetHints":{"allow":["GET"]}}],"collection":[{"href":"https:\/\/diarioregionaldigital.com.br\/index.php?rest_route=\/wp\/v2\/posts"}],"about":[{"href":"https:\/\/diarioregionaldigital.com.br\/index.php?rest_route=\/wp\/v2\/types\/post"}],"author":[{"embeddable":true,"href":"https:\/\/diarioregionaldigital.com.br\/index.php?rest_route=\/wp\/v2\/users\/96"}],"replies":[{"embeddable":true,"href":"https:\/\/diarioregionaldigital.com.br\/index.php?rest_route=%2Fwp%2Fv2%2Fcomments&post=166916"}],"version-history":[{"count":0,"href":"https:\/\/diarioregionaldigital.com.br\/index.php?rest_route=\/wp\/v2\/posts\/166916\/revisions"}],"wp:featuredmedia":[{"embeddable":true,"href":"https:\/\/diarioregionaldigital.com.br\/index.php?rest_route=\/wp\/v2\/media\/166908"}],"wp:attachment":[{"href":"https:\/\/diarioregionaldigital.com.br\/index.php?rest_route=%2Fwp%2Fv2%2Fmedia&parent=166916"}],"wp:term":[{"taxonomy":"category","embeddable":true,"href":"https:\/\/diarioregionaldigital.com.br\/index.php?rest_route=%2Fwp%2Fv2%2Fcategories&post=166916"},{"taxonomy":"post_tag","embeddable":true,"href":"https:\/\/diarioregionaldigital.com.br\/index.php?rest_route=%2Fwp%2Fv2%2Ftags&post=166916"}],"curies":[{"name":"wp","href":"https:\/\/api.w.org\/{rel}","templated":true}]}}