{"id":166900,"date":"2020-08-14T19:21:22","date_gmt":"2020-08-14T22:21:22","guid":{"rendered":"https:\/\/diarioregionaldigital.com.br\/?p=166900"},"modified":"2020-08-14T19:21:22","modified_gmt":"2020-08-14T22:21:22","slug":"juiz-de-fora-registra-mais-tres-mortes-e-102-novos-casos-de-covid-19","status":"publish","type":"post","link":"https:\/\/diarioregionaldigital.com.br\/?p=166900","title":{"rendered":"Juiz de Fora registra mais tr\u00eas mortes e 102 novos casos de covid-19"},"content":{"rendered":"<div id=\"box_texto_noticia\">A Secretaria de Sa\u00fade (SS) da Prefeitura de Juiz de Fora (PJF) registrou nesta sexta-feira, 14, mais tr\u00eas mortes pelo novo coronav\u00edrus no munic\u00edpio, contabilizando 134 \u00f3bitos. Com as atualiza\u00e7\u00f5es, mais 102 casos foram confirmados, totalizando 4.186 pessoas infectadas. Mais 240 novas suspeitas foram registrados, contabilizando 14.806. Dois \u00f3bitos est\u00e3o sendo investigados.\u00a0<b>Todos os dados s\u00e3o referentes a moradores de Juiz de Fora.<\/b><\/p>\n<p><b>\u00d3bitos:<\/b><\/p>\n<p>Homem, de 50 anos, morreu nessa quinta-feira, 13. Comorbidades: Diabetes Mellitus (DM), Doen\u00e7a Cardiovascular Cr\u00f4nica (DCC) e Doen\u00e7a Renal Cr\u00f4nica (DRC);<\/p>\n<p>Idosa, de 87 anos, morreu nessa quinta-feira, 13. Comorbidades: Doen\u00e7a Cardiovascular Cr\u00f4nica (DCC).<\/p>\n<p>Idoso, de 75 anos, morreu nesta sexta-feira, 14. Sem comorbidades relatadas;<\/p>\n<p><b>Boletim desta sexta, 14<\/p>\n<p>&#8211; 14.806 suspeitos<br \/>\n&#8211; 4.186 confirmados<br \/>\n&#8211; 134 \u00f3bitos confirmados<br \/>\n&#8211; 2 \u00f3bitos em investiga\u00e7\u00e3o<\/b><\/div>\n<p><strong>Fonte:\u00a0<\/strong>Assessoria<\/p>\n","protected":false},"excerpt":{"rendered":"<p>A Secretaria de Sa\u00fade (SS) da Prefeitura de Juiz de Fora (PJF) registrou nesta sexta-feira, 14, mais tr\u00eas mortes pelo novo coronav\u00edrus no munic\u00edpio, contabilizando 134 \u00f3bitos. Com as atualiza\u00e7\u00f5es, mais 102 casos foram confirmados, totalizando 4.186 pessoas infectadas. Mais 240 novas suspeitas foram registrados, contabilizando 14.806. Dois \u00f3bitos est\u00e3o sendo investigados.\u00a0Todos os dados s\u00e3o [&hellip;]<\/p>\n","protected":false},"author":96,"featured_media":165753,"comment_status":"closed","ping_status":"closed","sticky":false,"template":"","format":"standard","meta":{"footnotes":""},"categories":[253,436,440,439],"tags":[],"class_list":["post-166900","post","type-post","status-publish","format-standard","has-post-thumbnail","hentry","category-cidade","category-destaque-da-semana","category-destaques-do-dia","category-ultima-hora"],"_links":{"self":[{"href":"https:\/\/diarioregionaldigital.com.br\/index.php?rest_route=\/wp\/v2\/posts\/166900","targetHints":{"allow":["GET"]}}],"collection":[{"href":"https:\/\/diarioregionaldigital.com.br\/index.php?rest_route=\/wp\/v2\/posts"}],"about":[{"href":"https:\/\/diarioregionaldigital.com.br\/index.php?rest_route=\/wp\/v2\/types\/post"}],"author":[{"embeddable":true,"href":"https:\/\/diarioregionaldigital.com.br\/index.php?rest_route=\/wp\/v2\/users\/96"}],"replies":[{"embeddable":true,"href":"https:\/\/diarioregionaldigital.com.br\/index.php?rest_route=%2Fwp%2Fv2%2Fcomments&post=166900"}],"version-history":[{"count":0,"href":"https:\/\/diarioregionaldigital.com.br\/index.php?rest_route=\/wp\/v2\/posts\/166900\/revisions"}],"wp:featuredmedia":[{"embeddable":true,"href":"https:\/\/diarioregionaldigital.com.br\/index.php?rest_route=\/wp\/v2\/media\/165753"}],"wp:attachment":[{"href":"https:\/\/diarioregionaldigital.com.br\/index.php?rest_route=%2Fwp%2Fv2%2Fmedia&parent=166900"}],"wp:term":[{"taxonomy":"category","embeddable":true,"href":"https:\/\/diarioregionaldigital.com.br\/index.php?rest_route=%2Fwp%2Fv2%2Fcategories&post=166900"},{"taxonomy":"post_tag","embeddable":true,"href":"https:\/\/diarioregionaldigital.com.br\/index.php?rest_route=%2Fwp%2Fv2%2Ftags&post=166900"}],"curies":[{"name":"wp","href":"https:\/\/api.w.org\/{rel}","templated":true}]}}