{"id":166897,"date":"2020-08-14T19:19:11","date_gmt":"2020-08-14T22:19:11","guid":{"rendered":"https:\/\/diarioregionaldigital.com.br\/?p=166897"},"modified":"2020-08-14T19:19:11","modified_gmt":"2020-08-14T22:19:11","slug":"prefeitura-participa-de-live-em-parceria-com-protocolo-jf-e-dados-do-bem","status":"publish","type":"post","link":"https:\/\/diarioregionaldigital.com.br\/?p=166897","title":{"rendered":"Prefeitura participa de live em parceria com \u201cProtocolo JF\u201d e \u201cDados do Bem\u201d"},"content":{"rendered":"<p>Nesta sexta-feira, 14, o prefeito Ant\u00f4nio Almas, o secret\u00e1rio de Sa\u00fade, Rodrigo Almeida, e o adjunto, Clorivaldo Rocha Corr\u00eaa, participaram de transmiss\u00e3o ao vivo, na p\u00e1gina do facebook da Prefeitura de Juiz de Fora (PJF), sobre os primeiros 40 dias do projeto \u201cProtocolo JF\u201d. Tamb\u00e9m estiveram presentes no encontro virtual o idealizador do projeto, S\u00e9rgio Bara, Igor Leite e Nelson Soares, representantes do \u201cDados do Bem\u201d, o secret\u00e1rio de Estado de Sa\u00fade de Minas, Carlos Eduardo Amaral, e seu adjunto, Marcelo Cabral.<\/p>\n<p>Em sua fala, o prefeito Ant\u00f4nio Almas fez quest\u00e3o de agradecer a todos os servidores que atuam nos servi\u00e7os de sa\u00fade, pelo empenho em garantir assist\u00eancia adequada aos cidad\u00e3os que precisam de atendimento. E completou: \u201cJuiz de Fora conseguiu avan\u00e7ar nesse per\u00edodo de isolamento. Ampliamos em cerca de 70% o n\u00famero de leitos de UTIs p\u00fablicos na cidade\u201d.<\/p>\n<p>De acordo com Bara, o projeto \u201cProtocolo JF\u201d surgiu de adapta\u00e7\u00e3o do modelo utilizado na Coreia do Sul para o enfrentamento \u00e0 covid-19. Em Juiz de Fora, a ideia foi capitaneada pela iniciativa privada, que investiu recursos para viabilizar a oferta de testes RT-PCR para a popula\u00e7\u00e3o. Igor Leite explicou que os interessados em realizar os testes devem baixar o aplicativo (app) do \u201cDados do Bem\u201d, e preencher ficha de autoavalia\u00e7\u00e3o. Os algoritmos da plataforma verificam, com base nas informa\u00e7\u00f5es prestadas, se o usu\u00e1rio \u00e9 candidato \u201cpotencial\u201d a ser \u201ccovid positivo\u201d. Caso seja, o cidad\u00e3o recebe c\u00f3digo no celular e data e hor\u00e1rio quando dever\u00e1 comparecer a uma das tendas do projeto, para coleta de amostra. O resultado do exame tamb\u00e9m pode ser visualizado via app.<\/p>\n<p>Rodrigo Almeida apontou que a iniciativa fortalece as a\u00e7\u00f5es de enfrentamento realizadas pelo Poder P\u00fablico, uma vez que amplia a testagem no Munic\u00edpio: \u201cJuiz de Fora tem hoje um Centro de Vigil\u00e2ncia em Sa\u00fade que consegue monitorar esses dados em tempo real. Isso \u00e9 importante, porque, dessa forma, conseguimos acessar todos que testaram positivo e fazer o primeiro contato de monitoramento\u201d.<\/p>\n<p>Seguindo o mesmo racioc\u00ednio, Clorivaldo Corr\u00eaa avaliou que a iniciativa permite mais pessoas sendo testadas. Isso porque os protocolos da Funda\u00e7\u00e3o \u201cEzequiel Dias\u201d (Funed) e demais institui\u00e7\u00f5es n\u00e3o preconizam, at\u00e9 o momento, testes gratuitos para toda a popula\u00e7\u00e3o: \u201c\u00c9 oportunidade de os cidad\u00e3os que n\u00e3o se encaixam nos grupos pr\u00e9-estabelecidos realizarem \u00e0 testagem\u201d.<\/p>\n<p>O secret\u00e1rio estadual de Sa\u00fade, Carlos Eduardo Amaral, considerou que Minas vive momento importante no enfrentamento \u00e0 pandemia, e que toda parceria \u00e9 bem-vinda e traz benef\u00edcios. Para ele, o estado teve seu per\u00edodo de estrutura\u00e7\u00e3o da rede de sa\u00fade, aumentando o n\u00famero de leitos de unidades de tratamento intensivo (UTIs). E, consolidando as palavras do prefeito, afirmou: \u201cJuiz de Fora fez isso muito bem\u201d.<\/p>\n<p>De acordo com os n\u00fameros compilados pelo \u201cDados do Bem\u201d, at\u00e9 o momento foram coletados 1.250 amostras, sendo 1.045 negativas, 204 positivas e um resultado inconclusivo.<\/p>\n<p><strong>Fonte:<\/strong> Assessoria<\/p>\n","protected":false},"excerpt":{"rendered":"<p>Nesta sexta-feira, 14, o prefeito Ant\u00f4nio Almas, o secret\u00e1rio de Sa\u00fade, Rodrigo Almeida, e o adjunto, Clorivaldo Rocha Corr\u00eaa, participaram de transmiss\u00e3o ao vivo, na p\u00e1gina do facebook da Prefeitura de Juiz de Fora (PJF), sobre os primeiros 40 dias do projeto \u201cProtocolo JF\u201d. Tamb\u00e9m estiveram presentes no encontro virtual o idealizador do projeto, S\u00e9rgio [&hellip;]<\/p>\n","protected":false},"author":96,"featured_media":166898,"comment_status":"closed","ping_status":"closed","sticky":false,"template":"","format":"standard","meta":{"footnotes":""},"categories":[253,436,440,439],"tags":[],"class_list":["post-166897","post","type-post","status-publish","format-standard","has-post-thumbnail","hentry","category-cidade","category-destaque-da-semana","category-destaques-do-dia","category-ultima-hora"],"_links":{"self":[{"href":"https:\/\/diarioregionaldigital.com.br\/index.php?rest_route=\/wp\/v2\/posts\/166897","targetHints":{"allow":["GET"]}}],"collection":[{"href":"https:\/\/diarioregionaldigital.com.br\/index.php?rest_route=\/wp\/v2\/posts"}],"about":[{"href":"https:\/\/diarioregionaldigital.com.br\/index.php?rest_route=\/wp\/v2\/types\/post"}],"author":[{"embeddable":true,"href":"https:\/\/diarioregionaldigital.com.br\/index.php?rest_route=\/wp\/v2\/users\/96"}],"replies":[{"embeddable":true,"href":"https:\/\/diarioregionaldigital.com.br\/index.php?rest_route=%2Fwp%2Fv2%2Fcomments&post=166897"}],"version-history":[{"count":0,"href":"https:\/\/diarioregionaldigital.com.br\/index.php?rest_route=\/wp\/v2\/posts\/166897\/revisions"}],"wp:featuredmedia":[{"embeddable":true,"href":"https:\/\/diarioregionaldigital.com.br\/index.php?rest_route=\/wp\/v2\/media\/166898"}],"wp:attachment":[{"href":"https:\/\/diarioregionaldigital.com.br\/index.php?rest_route=%2Fwp%2Fv2%2Fmedia&parent=166897"}],"wp:term":[{"taxonomy":"category","embeddable":true,"href":"https:\/\/diarioregionaldigital.com.br\/index.php?rest_route=%2Fwp%2Fv2%2Fcategories&post=166897"},{"taxonomy":"post_tag","embeddable":true,"href":"https:\/\/diarioregionaldigital.com.br\/index.php?rest_route=%2Fwp%2Fv2%2Ftags&post=166897"}],"curies":[{"name":"wp","href":"https:\/\/api.w.org\/{rel}","templated":true}]}}