{"id":166894,"date":"2020-08-14T19:00:18","date_gmt":"2020-08-14T22:00:18","guid":{"rendered":"https:\/\/diarioregionaldigital.com.br\/?p=166894"},"modified":"2020-08-14T19:00:18","modified_gmt":"2020-08-14T22:00:18","slug":"ufjf-entrega-4-216-testes-de-covid-19-para-pjf","status":"publish","type":"post","link":"https:\/\/diarioregionaldigital.com.br\/?p=166894","title":{"rendered":"UFJF entrega 4.216 testes de Covid-19 para PJF"},"content":{"rendered":"<p><span style=\"font-weight: 400;\">Os laborat\u00f3rios do Instituto de Ci\u00eancias Biol\u00f3gicas e da Faculdade de Farm\u00e1cia da Universidade Federal de Juiz de Fora (UFJF), j\u00e1 disponibilizou um total de 4.216 testes de Coronav\u00edrus, para Departamento de Vigil\u00e2ncia Epidemiol\u00f3gica e Ambiental (Dvea), da Secretaria de Sa\u00fade (SS) da Prefeitura de Juiz de Fora (PJF). Dos testes realizados, 1.243 testaram positivo para a doen\u00e7a e todos foram feitos do per\u00edodo entre 6 e 13 desse m\u00eas.<\/span><\/p>\n<p><span style=\"font-weight: 400;\">O exame, gratuito, \u00e9 destinado aos profissionais de sa\u00fade sintom\u00e1ticos, entre o terceiro e o d\u00e9cimo dia de sintomas; todos os pacientes internados em \u201cleitos covid\u201d, pactuados com o Munic\u00edpio; e os atendidos na aten\u00e7\u00e3o b\u00e1sica, em situa\u00e7\u00e3o de vulnerabilidade, ou seja, pessoas acima de 65 anos, cuidadores de idosos, diab\u00e9ticos, hipertensos descompensados e obesos. Est\u00e3o inclu\u00eddos nessa rela\u00e7\u00e3o, tamb\u00e9m, servidores sintom\u00e1ticos da seguran\u00e7a p\u00fablica, do Departamento Municipal de Limpeza P\u00fablica (Demlurb), da Companhia de Saneamento Municipal (Cesama), dos centros de Refer\u00eancia de Assist\u00eancia Social (Cras) e Especializado de Assist\u00eancia Social (Creas) e dos demais servi\u00e7os de assist\u00eancia social que prestam atendimento direto \u00e0 popula\u00e7\u00e3o.<\/span><\/p>\n<p>&nbsp;<\/p>\n","protected":false},"excerpt":{"rendered":"<p>Os laborat\u00f3rios do Instituto de Ci\u00eancias Biol\u00f3gicas e da Faculdade de Farm\u00e1cia da Universidade Federal de Juiz de Fora (UFJF), j\u00e1 disponibilizou um total de 4.216 testes de Coronav\u00edrus, para Departamento de Vigil\u00e2ncia Epidemiol\u00f3gica e Ambiental (Dvea), da Secretaria de Sa\u00fade (SS) da Prefeitura de Juiz de Fora (PJF). Dos testes realizados, 1.243 testaram positivo [&hellip;]<\/p>\n","protected":false},"author":96,"featured_media":166895,"comment_status":"closed","ping_status":"closed","sticky":false,"template":"","format":"standard","meta":{"footnotes":""},"categories":[253,436,440,439],"tags":[],"class_list":["post-166894","post","type-post","status-publish","format-standard","has-post-thumbnail","hentry","category-cidade","category-destaque-da-semana","category-destaques-do-dia","category-ultima-hora"],"_links":{"self":[{"href":"https:\/\/diarioregionaldigital.com.br\/index.php?rest_route=\/wp\/v2\/posts\/166894","targetHints":{"allow":["GET"]}}],"collection":[{"href":"https:\/\/diarioregionaldigital.com.br\/index.php?rest_route=\/wp\/v2\/posts"}],"about":[{"href":"https:\/\/diarioregionaldigital.com.br\/index.php?rest_route=\/wp\/v2\/types\/post"}],"author":[{"embeddable":true,"href":"https:\/\/diarioregionaldigital.com.br\/index.php?rest_route=\/wp\/v2\/users\/96"}],"replies":[{"embeddable":true,"href":"https:\/\/diarioregionaldigital.com.br\/index.php?rest_route=%2Fwp%2Fv2%2Fcomments&post=166894"}],"version-history":[{"count":0,"href":"https:\/\/diarioregionaldigital.com.br\/index.php?rest_route=\/wp\/v2\/posts\/166894\/revisions"}],"wp:featuredmedia":[{"embeddable":true,"href":"https:\/\/diarioregionaldigital.com.br\/index.php?rest_route=\/wp\/v2\/media\/166895"}],"wp:attachment":[{"href":"https:\/\/diarioregionaldigital.com.br\/index.php?rest_route=%2Fwp%2Fv2%2Fmedia&parent=166894"}],"wp:term":[{"taxonomy":"category","embeddable":true,"href":"https:\/\/diarioregionaldigital.com.br\/index.php?rest_route=%2Fwp%2Fv2%2Fcategories&post=166894"},{"taxonomy":"post_tag","embeddable":true,"href":"https:\/\/diarioregionaldigital.com.br\/index.php?rest_route=%2Fwp%2Fv2%2Ftags&post=166894"}],"curies":[{"name":"wp","href":"https:\/\/api.w.org\/{rel}","templated":true}]}}