{"id":166891,"date":"2020-08-14T18:45:52","date_gmt":"2020-08-14T21:45:52","guid":{"rendered":"https:\/\/diarioregionaldigital.com.br\/?p=166891"},"modified":"2020-08-14T18:45:52","modified_gmt":"2020-08-14T21:45:52","slug":"proae-lanca-editais-de-auxilios-digital-e-emergencial-para-estudantes","status":"publish","type":"post","link":"https:\/\/diarioregionaldigital.com.br\/?p=166891","title":{"rendered":"Proae lan\u00e7a editais de aux\u00edlios digital e emergencial para estudantes"},"content":{"rendered":"<p><span style=\"font-weight: 400;\">A Pr\u00f3-reitoria de Assist\u00eancia Estudantil (Proae), da Universidade Federal de Juiz de Fora (UFJF), abre, nesta segunda-feira, 17, tr\u00eas editais para o desenvolvimento de a\u00e7\u00f5es de apoio social e inclus\u00e3o digital na Universidade, diante do contexto de suspens\u00e3o das atividades presenciais em decorr\u00eancia da pandemia causada pela Covid-19. Os editais de Aux\u00edlio Digital Gradua\u00e7\u00e3o;\u00a0 Aux\u00edlio Digital P\u00f3s-gradua\u00e7\u00e3o e Aux\u00edlio Emergencial Gradua\u00e7\u00e3o podem ser conferidos na p\u00e1gina da Proae.<\/span><\/p>\n<p><b>Aux\u00edlio Digital Gradua\u00e7\u00e3o<\/b><\/p>\n<p><span style=\"font-weight: 400;\">O Edital n\u00ba 01\/2020 estabelece os procedimentos para ingresso dos estudantes, regularmente matriculados nos cursos de gradua\u00e7\u00e3o presenciais da UFJF, nas a\u00e7\u00f5es de inclus\u00e3o digital. A proposta visa atenuar os impactos referentes \u00e0 perman\u00eancia na educa\u00e7\u00e3o p\u00fablica enquanto as atividades acad\u00eamicas presenciais estiverem suspensas.<\/span><\/p>\n<p><span style=\"font-weight: 400;\">O Aux\u00edlio de Inclus\u00e3o Digital tem o valor de R$120 mensais e deve ser destinado para viabilizar ao aluno a contrata\u00e7\u00e3o de servi\u00e7os que permitam o acesso \u00e0 internet atrav\u00e9s de rede fixa ou pacote de dados. Para se inscrever no edital, o estudante deve possuir renda bruta familiar per capita mensal de at\u00e9 1,5 sal\u00e1rio m\u00ednimo e n\u00e3o participar do programa de conectividade oferecido pelo Minist\u00e9rio da Educa\u00e7\u00e3o (MEC).<\/span><\/p>\n<p><span style=\"font-weight: 400;\">A solicita\u00e7\u00e3o do Aux\u00edlio de Inclus\u00e3o Digital ser\u00e1 feita exclusivamente via Siga 3, a partir das 14h desta segunda, 17, at\u00e9 o domingo, 23 de agosto. Para se inscrever \u00e9 preciso clicar no\u00a0 \u00edcone Assist\u00eancia Estudantil; e escolher a op\u00e7\u00e3o \u201cAux\u00edlio de Inclus\u00e3o Digital\u201d.\u00a0<\/span><\/p>\n<p><span style=\"font-weight: 400;\">Os discentes que participam do Programa de Bolsas e Aux\u00edlios da Proae, com avalia\u00e7\u00e3o socioecon\u00f4mica do sistema de fluxo cont\u00ednuo conclu\u00edda e no prazo de validade, n\u00e3o precisam apresentar nova documenta\u00e7\u00e3o, sendo necess\u00e1rio apenas fazer a solicita\u00e7\u00e3o conforme descrito no edital.\u00a0<\/span><\/p>\n<p><span style=\"font-weight: 400;\">J\u00e1 os estudantes que n\u00e3o participam do Programa de Bolsas e Aux\u00edlios da Pr\u00f3-reitoria e n\u00e3o passaram por avalia\u00e7\u00e3o socioecon\u00f4mica, al\u00e9m de fazer a solicita\u00e7\u00e3o pelo Siga 3, devem apresentar a documenta\u00e7\u00e3o exigida e encaminh\u00e1-la para os e-mails constantes no <\/span><span style=\"font-weight: 400;\">edital<\/span><span style=\"font-weight: 400;\">.<\/span><\/p>\n<p><span style=\"font-weight: 400;\">O resultado parcial ser\u00e1 divulgado na p\u00e1gina da Proae, no dia 8 de setembro, podendo o candidato interpor recursos. J\u00e1 o resultado final ser\u00e1 disponibilizado no dia 14 de setembro. Inicialmente, a previs\u00e3o \u00e9 de que a iniciativa dure pelo prazo de sete meses. O investimento \u00e9 custeado atrav\u00e9s dos recursos do Programa Nacional de Assist\u00eancia Estudantil (Pnaes) e de recursos pr\u00f3prios da UFJF.<\/span><\/p>\n<p><b>Aux\u00edlio digital p\u00f3s-gradua\u00e7\u00e3o<\/b><\/p>\n<p><span style=\"font-weight: 400;\">O Edital n\u00ba 02\/2020 \u00e9 para estudantes regularmente matriculados e frequentando curso de p\u00f3s-gradua\u00e7\u00e3o stricto sensu \u2013 mestrado ou doutorado \u2013 presencial da UFJF. O aux\u00edlio \u00e9 para alunos que apresentam renda bruta familiar per capita mensal de at\u00e9 1,5 sal\u00e1rio m\u00ednimo e que n\u00e3o recebam bolsa de \u00f3rg\u00e3os de fomento, como por exemplo da Coordena\u00e7\u00e3o de Aperfei\u00e7oamento de Pessoal de N\u00edvel Superior (Capes); do Conselho Nacional de Desenvolvimento Cient\u00edfico e Tecnol\u00f3gico (CNPq); da Funda\u00e7\u00e3o de Amparo \u00e0 Pesquisa do Estado de Minas Gerais (Fapemig), ou do Programa de Bolsa da UFJF.<\/span><\/p>\n<p><span style=\"font-weight: 400;\">O Aux\u00edlio tamb\u00e9m oferece o valor de R$120 por m\u00eas, destinado a viabilizar ao aluno a contrata\u00e7\u00e3o de servi\u00e7os que permitam o acesso \u00e0 internet atrav\u00e9s de rede fixa ou pacote de dados. A previs\u00e3o \u00e9 de que seja pago por um per\u00edodo de at\u00e9 sete meses, podendo ser prorrogado enquanto as atividades acad\u00eamicas presenciais estiverem suspensas, de acordo com a dota\u00e7\u00e3o or\u00e7ament\u00e1ria da UFJF. O valor ser\u00e1 custeado por meio de recursos da Universidade.<\/span><\/p>\n<p><span style=\"font-weight: 400;\">O requerimento do Aux\u00edlio de Inclus\u00e3o Digital, exclusivamente para alunos de p\u00f3s-gradua\u00e7\u00e3o stricto sensu, deve ser feito at\u00e9 23 de agosto. A inscri\u00e7\u00e3o \u00e9 por meio <\/span><span style=\"font-weight: 400;\">deste formul\u00e1rio<\/span><span style=\"font-weight: 400;\">. Al\u00e9m disso, a documenta\u00e7\u00e3o exigida deve ser encaminhada via email para os endere\u00e7os eletr\u00f4nicos citados no pr\u00f3prio edital.\u00a0<\/span><\/p>\n<p><span style=\"font-weight: 400;\">O resultado parcial ser\u00e1 divulgado na p\u00e1gina da Proae no dia 8 de setembro, podendo o candidato interpor recursos. J\u00e1 o resultado final ser\u00e1 disponibilizado no dia 14 do mesmo m\u00eas.<\/span><\/p>\n<p><b>Aux\u00edlio Emergencial Gradua\u00e7\u00e3o<\/b><\/p>\n<p><span style=\"font-weight: 400;\">Diferente dos outros aux\u00edlios, a proposta do Edital n\u00ba 03\/2020 \u00e9 possibilitar aos estudantes que participam do Programa de Bolsas e Aux\u00edlios da Proae e apresentam renda bruta familiar per capita mensal de at\u00e9 0,5 sal\u00e1rio m\u00ednimo, o recebimento de um valor de R$200 mensais.\u00a0<\/span><\/p>\n<p><span style=\"font-weight: 400;\">A solicita\u00e7\u00e3o do Aux\u00edlio de Inclus\u00e3o Digital ser\u00e1 feita exclusivamente via Siga 3, at\u00e9 23 de agosto. Para se inscrever \u00e9 preciso clicar no\u00a0 \u00edcone Assist\u00eancia Estudantil e escolher a op\u00e7\u00e3o \u201cAux\u00edlio de Inclus\u00e3o Digital\u201d. Por ser um edital exclusivo para bolsistas j\u00e1 cadastrados no Programa de Bolsas e Aux\u00edlios da Proae, n\u00e3o ser\u00e1 necess\u00e1rio o envio de nova documenta\u00e7\u00e3o no ato da inscri\u00e7\u00e3o.<\/span><\/p>\n<p><span style=\"font-weight: 400;\">O resultado parcial ser\u00e1 divulgado na p\u00e1gina da Proae no dia 8 de setembro, podendo o candidato interpor recursos. J\u00e1 o resultado final ser\u00e1 disponibilizado no dia 14 do mesmo m\u00eas.<\/span><\/p>\n<p><span style=\"font-weight: 400;\">O aux\u00edlio previsto ser\u00e1 pago por um per\u00edodo de at\u00e9 seis meses, podendo ser prorrogado enquanto as atividades acad\u00eamicas presenciais estiverem suspensas, de acordo com a dota\u00e7\u00e3o or\u00e7ament\u00e1ria da UFJF.\u00a0<\/span><\/p>\n<p><strong>Fonte:<\/strong> Assessoria<\/p>\n","protected":false},"excerpt":{"rendered":"<p>A Pr\u00f3-reitoria de Assist\u00eancia Estudantil (Proae), da Universidade Federal de Juiz de Fora (UFJF), abre, nesta segunda-feira, 17, tr\u00eas editais para o desenvolvimento de a\u00e7\u00f5es de apoio social e inclus\u00e3o digital na Universidade, diante do contexto de suspens\u00e3o das atividades presenciais em decorr\u00eancia da pandemia causada pela Covid-19. Os editais de Aux\u00edlio Digital Gradua\u00e7\u00e3o;\u00a0 Aux\u00edlio [&hellip;]<\/p>\n","protected":false},"author":96,"featured_media":166892,"comment_status":"closed","ping_status":"closed","sticky":false,"template":"","format":"standard","meta":{"footnotes":""},"categories":[253,436,440,439],"tags":[],"class_list":["post-166891","post","type-post","status-publish","format-standard","has-post-thumbnail","hentry","category-cidade","category-destaque-da-semana","category-destaques-do-dia","category-ultima-hora"],"_links":{"self":[{"href":"https:\/\/diarioregionaldigital.com.br\/index.php?rest_route=\/wp\/v2\/posts\/166891","targetHints":{"allow":["GET"]}}],"collection":[{"href":"https:\/\/diarioregionaldigital.com.br\/index.php?rest_route=\/wp\/v2\/posts"}],"about":[{"href":"https:\/\/diarioregionaldigital.com.br\/index.php?rest_route=\/wp\/v2\/types\/post"}],"author":[{"embeddable":true,"href":"https:\/\/diarioregionaldigital.com.br\/index.php?rest_route=\/wp\/v2\/users\/96"}],"replies":[{"embeddable":true,"href":"https:\/\/diarioregionaldigital.com.br\/index.php?rest_route=%2Fwp%2Fv2%2Fcomments&post=166891"}],"version-history":[{"count":0,"href":"https:\/\/diarioregionaldigital.com.br\/index.php?rest_route=\/wp\/v2\/posts\/166891\/revisions"}],"wp:featuredmedia":[{"embeddable":true,"href":"https:\/\/diarioregionaldigital.com.br\/index.php?rest_route=\/wp\/v2\/media\/166892"}],"wp:attachment":[{"href":"https:\/\/diarioregionaldigital.com.br\/index.php?rest_route=%2Fwp%2Fv2%2Fmedia&parent=166891"}],"wp:term":[{"taxonomy":"category","embeddable":true,"href":"https:\/\/diarioregionaldigital.com.br\/index.php?rest_route=%2Fwp%2Fv2%2Fcategories&post=166891"},{"taxonomy":"post_tag","embeddable":true,"href":"https:\/\/diarioregionaldigital.com.br\/index.php?rest_route=%2Fwp%2Fv2%2Ftags&post=166891"}],"curies":[{"name":"wp","href":"https:\/\/api.w.org\/{rel}","templated":true}]}}