{"id":166885,"date":"2020-08-14T15:23:02","date_gmt":"2020-08-14T18:23:02","guid":{"rendered":"https:\/\/diarioregionaldigital.com.br\/?p=166885"},"modified":"2020-08-14T15:23:02","modified_gmt":"2020-08-14T18:23:02","slug":"pjf-inclui-novo-horario-de-funcionamento-dos-restaurantes-no-decreto-no-13-975","status":"publish","type":"post","link":"https:\/\/diarioregionaldigital.com.br\/?p=166885","title":{"rendered":"PJF inclui novo hor\u00e1rio de funcionamento dos restaurantes no Decreto n\u00ba 13.975"},"content":{"rendered":"<p><span style=\"font-weight: 400;\">O prefeito de Juiz de Fora, Ant\u00f4nio Almas (PSDB), reeditou o Decreto Municipal N\u00ba13.975, no qual inclui o novo hor\u00e1rio de funcionamento de restaurantes da cidade. O documento explicita que \u201cnos restaurantes somente se admitir\u00e1 o funcionamento para consumo no local, no hor\u00e1rio compreendido entre as 11:00h e 15:00h e as 18:00h e 22:00h\u201d.<\/span><\/p>\n<p><span style=\"font-weight: 400;\">Al\u00e9m disso, foi mantida \u201ca proibi\u00e7\u00e3o do autosservi\u00e7o (<\/span><i><span style=\"font-weight: 400;\">self-service<\/span><\/i><span style=\"font-weight: 400;\">) e do entretenimento\u201d. Foi estabelecido tamb\u00e9m que os estabelecimentos devem ter at\u00e9 no m\u00e1ximo 50% de sua ocupa\u00e7\u00e3o e deve ser mantida observa\u00e7\u00e3o ao espa\u00e7amento m\u00ednimo de dois metros entre as mesas, inclusive no ambiente externo.\u00a0<\/span><\/p>\n<p><span style=\"font-weight: 400;\">Quanto ao funcionamento de bares, o Decreto determina que ser\u00e3o permitidas apenas as modalidades de retirada no balc\u00e3o ou entrega em domic\u00edlio (delivery). <\/span><\/p>\n","protected":false},"excerpt":{"rendered":"<p>O prefeito de Juiz de Fora, Ant\u00f4nio Almas (PSDB), reeditou o Decreto Municipal N\u00ba13.975, no qual inclui o novo hor\u00e1rio de funcionamento de restaurantes da cidade. O documento explicita que \u201cnos restaurantes somente se admitir\u00e1 o funcionamento para consumo no local, no hor\u00e1rio compreendido entre as 11:00h e 15:00h e as 18:00h e 22:00h\u201d. Al\u00e9m [&hellip;]<\/p>\n","protected":false},"author":96,"featured_media":166886,"comment_status":"closed","ping_status":"closed","sticky":false,"template":"","format":"standard","meta":{"footnotes":""},"categories":[253,436,439],"tags":[],"class_list":["post-166885","post","type-post","status-publish","format-standard","has-post-thumbnail","hentry","category-cidade","category-destaque-da-semana","category-ultima-hora"],"_links":{"self":[{"href":"https:\/\/diarioregionaldigital.com.br\/index.php?rest_route=\/wp\/v2\/posts\/166885","targetHints":{"allow":["GET"]}}],"collection":[{"href":"https:\/\/diarioregionaldigital.com.br\/index.php?rest_route=\/wp\/v2\/posts"}],"about":[{"href":"https:\/\/diarioregionaldigital.com.br\/index.php?rest_route=\/wp\/v2\/types\/post"}],"author":[{"embeddable":true,"href":"https:\/\/diarioregionaldigital.com.br\/index.php?rest_route=\/wp\/v2\/users\/96"}],"replies":[{"embeddable":true,"href":"https:\/\/diarioregionaldigital.com.br\/index.php?rest_route=%2Fwp%2Fv2%2Fcomments&post=166885"}],"version-history":[{"count":0,"href":"https:\/\/diarioregionaldigital.com.br\/index.php?rest_route=\/wp\/v2\/posts\/166885\/revisions"}],"wp:featuredmedia":[{"embeddable":true,"href":"https:\/\/diarioregionaldigital.com.br\/index.php?rest_route=\/wp\/v2\/media\/166886"}],"wp:attachment":[{"href":"https:\/\/diarioregionaldigital.com.br\/index.php?rest_route=%2Fwp%2Fv2%2Fmedia&parent=166885"}],"wp:term":[{"taxonomy":"category","embeddable":true,"href":"https:\/\/diarioregionaldigital.com.br\/index.php?rest_route=%2Fwp%2Fv2%2Fcategories&post=166885"},{"taxonomy":"post_tag","embeddable":true,"href":"https:\/\/diarioregionaldigital.com.br\/index.php?rest_route=%2Fwp%2Fv2%2Ftags&post=166885"}],"curies":[{"name":"wp","href":"https:\/\/api.w.org\/{rel}","templated":true}]}}