{"id":166880,"date":"2020-08-14T15:04:13","date_gmt":"2020-08-14T18:04:13","guid":{"rendered":"https:\/\/diarioregionaldigital.com.br\/?p=166880"},"modified":"2020-08-14T15:04:13","modified_gmt":"2020-08-14T18:04:13","slug":"pcmg-busca-identificacao-de-corpo-no-iml","status":"publish","type":"post","link":"https:\/\/diarioregionaldigital.com.br\/?p=166880","title":{"rendered":"PCMG busca identifica\u00e7\u00e3o de corpo no IML"},"content":{"rendered":"<p>A Pol\u00edcia Civil de Minas Gerais (PCMG), busca identificar o corpo de um homem no IML, com idade aparente de 30 anos, sendo este encontrado no Bairro Distrito Industrial (Regi\u00e3o Norte). Segundo informa\u00e7\u00f5es da PCMG, a v\u00edtima tem <span style=\"font-weight: 400;\">pele negra, com falha na arcada dent\u00e1ria e veste uma bermuda. O IML est\u00e1 localizado <\/span><span style=\"font-weight: 400;\">na Rua Prof\u00aa. Carolina Coelho, 56, no Bairro Granbery.<\/span><\/p>\n<p>&nbsp;<\/p>\n","protected":false},"excerpt":{"rendered":"<p>A Pol\u00edcia Civil de Minas Gerais (PCMG), busca identificar o corpo de um homem no IML, com idade aparente de 30 anos, sendo este encontrado no Bairro Distrito Industrial (Regi\u00e3o Norte). Segundo informa\u00e7\u00f5es da PCMG, a v\u00edtima tem pele negra, com falha na arcada dent\u00e1ria e veste uma bermuda. O IML est\u00e1 localizado na Rua [&hellip;]<\/p>\n","protected":false},"author":96,"featured_media":165308,"comment_status":"closed","ping_status":"closed","sticky":false,"template":"","format":"standard","meta":{"footnotes":""},"categories":[301,436,439],"tags":[],"class_list":["post-166880","post","type-post","status-publish","format-standard","has-post-thumbnail","hentry","category-artigos-policiais","category-destaque-da-semana","category-ultima-hora"],"_links":{"self":[{"href":"https:\/\/diarioregionaldigital.com.br\/index.php?rest_route=\/wp\/v2\/posts\/166880","targetHints":{"allow":["GET"]}}],"collection":[{"href":"https:\/\/diarioregionaldigital.com.br\/index.php?rest_route=\/wp\/v2\/posts"}],"about":[{"href":"https:\/\/diarioregionaldigital.com.br\/index.php?rest_route=\/wp\/v2\/types\/post"}],"author":[{"embeddable":true,"href":"https:\/\/diarioregionaldigital.com.br\/index.php?rest_route=\/wp\/v2\/users\/96"}],"replies":[{"embeddable":true,"href":"https:\/\/diarioregionaldigital.com.br\/index.php?rest_route=%2Fwp%2Fv2%2Fcomments&post=166880"}],"version-history":[{"count":0,"href":"https:\/\/diarioregionaldigital.com.br\/index.php?rest_route=\/wp\/v2\/posts\/166880\/revisions"}],"wp:featuredmedia":[{"embeddable":true,"href":"https:\/\/diarioregionaldigital.com.br\/index.php?rest_route=\/wp\/v2\/media\/165308"}],"wp:attachment":[{"href":"https:\/\/diarioregionaldigital.com.br\/index.php?rest_route=%2Fwp%2Fv2%2Fmedia&parent=166880"}],"wp:term":[{"taxonomy":"category","embeddable":true,"href":"https:\/\/diarioregionaldigital.com.br\/index.php?rest_route=%2Fwp%2Fv2%2Fcategories&post=166880"},{"taxonomy":"post_tag","embeddable":true,"href":"https:\/\/diarioregionaldigital.com.br\/index.php?rest_route=%2Fwp%2Fv2%2Ftags&post=166880"}],"curies":[{"name":"wp","href":"https:\/\/api.w.org\/{rel}","templated":true}]}}