{"id":166877,"date":"2020-08-14T14:59:43","date_gmt":"2020-08-14T17:59:43","guid":{"rendered":"https:\/\/diarioregionaldigital.com.br\/?p=166877"},"modified":"2020-08-14T14:59:43","modified_gmt":"2020-08-14T17:59:43","slug":"laje-desaba-sobre-pedreiro-no-bairro-retiro","status":"publish","type":"post","link":"https:\/\/diarioregionaldigital.com.br\/?p=166877","title":{"rendered":"Laje desaba sobre pedreiro no Bairro Retiro"},"content":{"rendered":"<p>Na manh\u00e3 desta sexta-feira (14), o Corpo de Bombeiros atendeu a uma ocorr\u00eancia do desabamento de uma laje no Bairro Retiro (Regi\u00e3o Sudeste) em Juiz de Fora. <span style=\"font-weight: 400;\">Ao chegarem no endere\u00e7o da solicita\u00e7\u00e3o, os bombeiros encontraram um homem, que seria o pedreiro que realizava uma obra naquele local, preso embaixo dos escombros da laje. O homem estava consciente e queixava-se de fortes dores em uma das pernas. Os bombeiros retiraram os escombros e a v\u00edtima foi resgatada. Posteriormente, foi feita a avalia\u00e7\u00e3o da v\u00edtima e constatou-se sinais de fratura de pelve e f\u00eamur, sendo esta entregue \u00e0 equipe m\u00e9dica do SAMU para receber os primeiros socorros. <\/span><\/p>\n","protected":false},"excerpt":{"rendered":"<p>Na manh\u00e3 desta sexta-feira (14), o Corpo de Bombeiros atendeu a uma ocorr\u00eancia do desabamento de uma laje no Bairro Retiro (Regi\u00e3o Sudeste) em Juiz de Fora. Ao chegarem no endere\u00e7o da solicita\u00e7\u00e3o, os bombeiros encontraram um homem, que seria o pedreiro que realizava uma obra naquele local, preso embaixo dos escombros da laje. O [&hellip;]<\/p>\n","protected":false},"author":96,"featured_media":166878,"comment_status":"closed","ping_status":"closed","sticky":false,"template":"","format":"standard","meta":{"footnotes":""},"categories":[253,436,439],"tags":[],"class_list":["post-166877","post","type-post","status-publish","format-standard","has-post-thumbnail","hentry","category-cidade","category-destaque-da-semana","category-ultima-hora"],"_links":{"self":[{"href":"https:\/\/diarioregionaldigital.com.br\/index.php?rest_route=\/wp\/v2\/posts\/166877","targetHints":{"allow":["GET"]}}],"collection":[{"href":"https:\/\/diarioregionaldigital.com.br\/index.php?rest_route=\/wp\/v2\/posts"}],"about":[{"href":"https:\/\/diarioregionaldigital.com.br\/index.php?rest_route=\/wp\/v2\/types\/post"}],"author":[{"embeddable":true,"href":"https:\/\/diarioregionaldigital.com.br\/index.php?rest_route=\/wp\/v2\/users\/96"}],"replies":[{"embeddable":true,"href":"https:\/\/diarioregionaldigital.com.br\/index.php?rest_route=%2Fwp%2Fv2%2Fcomments&post=166877"}],"version-history":[{"count":0,"href":"https:\/\/diarioregionaldigital.com.br\/index.php?rest_route=\/wp\/v2\/posts\/166877\/revisions"}],"wp:featuredmedia":[{"embeddable":true,"href":"https:\/\/diarioregionaldigital.com.br\/index.php?rest_route=\/wp\/v2\/media\/166878"}],"wp:attachment":[{"href":"https:\/\/diarioregionaldigital.com.br\/index.php?rest_route=%2Fwp%2Fv2%2Fmedia&parent=166877"}],"wp:term":[{"taxonomy":"category","embeddable":true,"href":"https:\/\/diarioregionaldigital.com.br\/index.php?rest_route=%2Fwp%2Fv2%2Fcategories&post=166877"},{"taxonomy":"post_tag","embeddable":true,"href":"https:\/\/diarioregionaldigital.com.br\/index.php?rest_route=%2Fwp%2Fv2%2Ftags&post=166877"}],"curies":[{"name":"wp","href":"https:\/\/api.w.org\/{rel}","templated":true}]}}