{"id":166874,"date":"2020-08-14T14:52:47","date_gmt":"2020-08-14T17:52:47","guid":{"rendered":"https:\/\/diarioregionaldigital.com.br\/?p=166874"},"modified":"2020-08-14T14:52:47","modified_gmt":"2020-08-14T17:52:47","slug":"homem-suspeito-de-cometer-trafico-de-drogas-no-maranhao-e-preso-em-juiz-de-fora","status":"publish","type":"post","link":"https:\/\/diarioregionaldigital.com.br\/?p=166874","title":{"rendered":"Homem suspeito de cometer tr\u00e1fico de drogas no Maranh\u00e3o \u00e9 preso em Juiz de Fora"},"content":{"rendered":"<p>Em a\u00e7\u00e3o conjunta, a Pol\u00edcia Civil de Minas Gerais (PCMG) junto com a Pol\u00edcia Militar (PM), prenderam na madrugada de quarta-feira (12), um homem de 35 anos, suspeito de cometer tr\u00e1fico de drogas no estado do Maranh\u00e3o. <span style=\"font-weight: 400;\">A pris\u00e3o foi decretada pela 1\u00aa Vara de Entorpecentes de S\u00e3o Lu\u00eds, em virtude do transporte de drogas proibidas.<\/span><\/p>\n<p><span style=\"font-weight: 400;\">De acordo com informa\u00e7\u00f5es do Delegado Paulo Saback, da 1\u00aa Delegacia Regional de Juiz de Fora, a equipe de policiais civis recebeu informa\u00e7\u00f5es sobre o paradeiro do homem:<\/span><\/p>\n<p><span style=\"font-weight: 400;\">\u00a0\u201cInforma\u00e7\u00f5es davam conta de que ele seria um dos maiores foragidos do estado do Maranh\u00e3o e estaria na cidade de Juiz de Fora. Ent\u00e3o, fizemos levantamentos, entramos em contato com a Secretaria de Seguran\u00e7a daquele estado e, ap\u00f3s apura\u00e7\u00f5es, constatamos a veracidade dos fatos\u201d, explicou.<\/span><\/p>\n<p><span style=\"font-weight: 400;\">Ainda conforme o Delegado, em seguida, ap\u00f3s a\u00e7\u00e3o integrada, foi poss\u00edvel localizar o homem na Avenida dos Andradas. Posteriormente, ele foi conduzido ao plant\u00e3o da unidade policial, onde foi cumprido o mandado de pris\u00e3o. Ele foi encaminhado ao sistema prisional, permanecendo \u00e0 disposi\u00e7\u00e3o da Justi\u00e7a.<\/span><\/p>\n","protected":false},"excerpt":{"rendered":"<p>Em a\u00e7\u00e3o conjunta, a Pol\u00edcia Civil de Minas Gerais (PCMG) junto com a Pol\u00edcia Militar (PM), prenderam na madrugada de quarta-feira (12), um homem de 35 anos, suspeito de cometer tr\u00e1fico de drogas no estado do Maranh\u00e3o. A pris\u00e3o foi decretada pela 1\u00aa Vara de Entorpecentes de S\u00e3o Lu\u00eds, em virtude do transporte de drogas [&hellip;]<\/p>\n","protected":false},"author":96,"featured_media":165308,"comment_status":"closed","ping_status":"closed","sticky":false,"template":"","format":"standard","meta":{"footnotes":""},"categories":[301,436,439],"tags":[],"class_list":["post-166874","post","type-post","status-publish","format-standard","has-post-thumbnail","hentry","category-artigos-policiais","category-destaque-da-semana","category-ultima-hora"],"_links":{"self":[{"href":"https:\/\/diarioregionaldigital.com.br\/index.php?rest_route=\/wp\/v2\/posts\/166874","targetHints":{"allow":["GET"]}}],"collection":[{"href":"https:\/\/diarioregionaldigital.com.br\/index.php?rest_route=\/wp\/v2\/posts"}],"about":[{"href":"https:\/\/diarioregionaldigital.com.br\/index.php?rest_route=\/wp\/v2\/types\/post"}],"author":[{"embeddable":true,"href":"https:\/\/diarioregionaldigital.com.br\/index.php?rest_route=\/wp\/v2\/users\/96"}],"replies":[{"embeddable":true,"href":"https:\/\/diarioregionaldigital.com.br\/index.php?rest_route=%2Fwp%2Fv2%2Fcomments&post=166874"}],"version-history":[{"count":0,"href":"https:\/\/diarioregionaldigital.com.br\/index.php?rest_route=\/wp\/v2\/posts\/166874\/revisions"}],"wp:featuredmedia":[{"embeddable":true,"href":"https:\/\/diarioregionaldigital.com.br\/index.php?rest_route=\/wp\/v2\/media\/165308"}],"wp:attachment":[{"href":"https:\/\/diarioregionaldigital.com.br\/index.php?rest_route=%2Fwp%2Fv2%2Fmedia&parent=166874"}],"wp:term":[{"taxonomy":"category","embeddable":true,"href":"https:\/\/diarioregionaldigital.com.br\/index.php?rest_route=%2Fwp%2Fv2%2Fcategories&post=166874"},{"taxonomy":"post_tag","embeddable":true,"href":"https:\/\/diarioregionaldigital.com.br\/index.php?rest_route=%2Fwp%2Fv2%2Ftags&post=166874"}],"curies":[{"name":"wp","href":"https:\/\/api.w.org\/{rel}","templated":true}]}}