{"id":166871,"date":"2020-08-14T14:35:00","date_gmt":"2020-08-14T17:35:00","guid":{"rendered":"https:\/\/diarioregionaldigital.com.br\/?p=166871"},"modified":"2020-08-14T14:35:00","modified_gmt":"2020-08-14T17:35:00","slug":"funalfa-promove-debates-sobre-distribuicao-de-recursos-da-lei-aldir-blanc","status":"publish","type":"post","link":"https:\/\/diarioregionaldigital.com.br\/?p=166871","title":{"rendered":"Funalfa promove debates sobre distribui\u00e7\u00e3o de recursos da Lei \u201cAldir Blanc\u201d"},"content":{"rendered":"<p>Como parte do processo que viabilizar\u00e1 a distribui\u00e7\u00e3o dos recursos da Lei Nacional de Emerg\u00eancia Cultural, conhecida como Lei \u201cAldir Blanc\u201d, a Funda\u00e7\u00e3o Cultural \u201cAlfredo Ferreira Lage\u201d (Funalfa) promover\u00e1 na pr\u00f3xima semana mais um ciclo de debates, por meio do projeto \u201cCultura Conecta\u201d. O objetivo \u00e9 escutar as trabalhadoras e os trabalhadores da roda da cultura em Juiz de Fora, buscando entender seus anseios em rela\u00e7\u00e3o \u00e0 lei federal.<\/p>\n<p>Nesse novo ciclo, as reuni\u00f5es ser\u00e3o segmentadas, seguindo indica\u00e7\u00e3o de atendimento prevista na Lei \u201cAldir Blanc\u201d e ocorr\u00eancia apontada pelo Cadastro Municipal de Cultura. Os encontros acontecer\u00e3o por meio do aplicativo Zoom (ID 692 354 1099 \u2013 Senha: funalfa).<\/p>\n<p>A participa\u00e7\u00e3o \u00e9 aberta a todos os interessados. \u201cA presen\u00e7a dos profissionais ligados \u00e0 cultura nesse debate \u00e9 fundamental. Desde artistas e produtores, at\u00e9 t\u00e9cnicos, professores, costureiras, enfim, todas as pessoas que atuam no segmento, para que possamos construir processo democr\u00e1tico e eficiente\u201d, argumentou a gerente de Fomento \u00e0 Cultura da Funalfa, Tamires Fortuna.<\/p>\n<p><b>Confira o calend\u00e1rio das reuni\u00f5es:<\/b><\/p>\n<p><i>* Dia 18 &#8211; Ter\u00e7a-feira<\/i><br \/>\n\u2013 19 horas &#8211; Est\u00fadios (m\u00fasica, fotografia e audiovisual), produtoras, ateli\u00eas, livrarias, editoras, sebos e galerias de arte e design<\/p>\n<p><i>* Dia 19 \u2013 Quarta-feira<\/i><br \/>\n&#8211; 15 horas \u2013 Associa\u00e7\u00f5es, pontos e centros culturais, bibliotecas comunit\u00e1rias e feiras agroecol\u00f3gicas<br \/>\n\u2013 19 horas &#8211; Escolas de artes, espa\u00e7os culturais, teatros independentes e companhias<\/p>\n<p><i>* Dia 29 &#8211; Quinta-feira<\/i><br \/>\n&#8211; 15 horas \u2013 Carnaval, Folia de Reis, festas regionais e espa\u00e7os de povos e comunidades tradicionais<br \/>\n\u2013 19 horas &#8211; Micro e pequenas empresas de divers\u00e3o e produ\u00e7\u00e3o de espet\u00e1culos, produtoras de eventos e espa\u00e7os de apresenta\u00e7\u00e3o art\u00edstica<\/p>\n<p>Juiz de Fora deve receber R$ 3.487.476, 18 da Lei de Emerg\u00eancia Cultural. O recurso, do Governo federal, ser\u00e1 gerenciado pela Funalfa e aplicado nos incisos 2 e 3 da legisla\u00e7\u00e3o, que ficar\u00e3o sob responsabilidade dos munic\u00edpios. Esses incisos se referem ao subs\u00eddio a espa\u00e7os art\u00edsticos e culturais, que poder\u00e3o receber entre R$ 3 mil e R$ 10 mil, al\u00e9m da realiza\u00e7\u00e3o de editais, chamamentos p\u00fablicos e pr\u00eamios, destinados a atividades, produ\u00e7\u00f5es e capacita\u00e7\u00f5es culturais.<\/p>\n<p>O Inciso 1 da \u201cAldir Blanc\u201d, que trata do pagamento de aux\u00edlio emergencial em parcelas de R$ 600 para profissionais da cultura, dever\u00e1 ficar sob responsabilidade dos governos de estado. Em Minas, a Secretaria de Estado da Cultura est\u00e1 cadastrando as pessoas interessadas em pleitear os repasses, por meio do link\u00a0<a href=\"https:\/\/www.pjf.mg.gov.br\/noticias\/www.cultura.mg.gov.br\/leialdirblanc\">http:\/\/www.cultura.mg.gov.br\/leialdirblanc<\/a>.<\/p>\n<p><strong>Fonte:<\/strong> Assessoria<\/p>\n","protected":false},"excerpt":{"rendered":"<p>Como parte do processo que viabilizar\u00e1 a distribui\u00e7\u00e3o dos recursos da Lei Nacional de Emerg\u00eancia Cultural, conhecida como Lei \u201cAldir Blanc\u201d, a Funda\u00e7\u00e3o Cultural \u201cAlfredo Ferreira Lage\u201d (Funalfa) promover\u00e1 na pr\u00f3xima semana mais um ciclo de debates, por meio do projeto \u201cCultura Conecta\u201d. O objetivo \u00e9 escutar as trabalhadoras e os trabalhadores da roda da [&hellip;]<\/p>\n","protected":false},"author":96,"featured_media":166872,"comment_status":"closed","ping_status":"closed","sticky":false,"template":"","format":"standard","meta":{"footnotes":""},"categories":[256,436,439],"tags":[],"class_list":["post-166871","post","type-post","status-publish","format-standard","has-post-thumbnail","hentry","category-cultura","category-destaque-da-semana","category-ultima-hora"],"_links":{"self":[{"href":"https:\/\/diarioregionaldigital.com.br\/index.php?rest_route=\/wp\/v2\/posts\/166871","targetHints":{"allow":["GET"]}}],"collection":[{"href":"https:\/\/diarioregionaldigital.com.br\/index.php?rest_route=\/wp\/v2\/posts"}],"about":[{"href":"https:\/\/diarioregionaldigital.com.br\/index.php?rest_route=\/wp\/v2\/types\/post"}],"author":[{"embeddable":true,"href":"https:\/\/diarioregionaldigital.com.br\/index.php?rest_route=\/wp\/v2\/users\/96"}],"replies":[{"embeddable":true,"href":"https:\/\/diarioregionaldigital.com.br\/index.php?rest_route=%2Fwp%2Fv2%2Fcomments&post=166871"}],"version-history":[{"count":0,"href":"https:\/\/diarioregionaldigital.com.br\/index.php?rest_route=\/wp\/v2\/posts\/166871\/revisions"}],"wp:featuredmedia":[{"embeddable":true,"href":"https:\/\/diarioregionaldigital.com.br\/index.php?rest_route=\/wp\/v2\/media\/166872"}],"wp:attachment":[{"href":"https:\/\/diarioregionaldigital.com.br\/index.php?rest_route=%2Fwp%2Fv2%2Fmedia&parent=166871"}],"wp:term":[{"taxonomy":"category","embeddable":true,"href":"https:\/\/diarioregionaldigital.com.br\/index.php?rest_route=%2Fwp%2Fv2%2Fcategories&post=166871"},{"taxonomy":"post_tag","embeddable":true,"href":"https:\/\/diarioregionaldigital.com.br\/index.php?rest_route=%2Fwp%2Fv2%2Ftags&post=166871"}],"curies":[{"name":"wp","href":"https:\/\/api.w.org\/{rel}","templated":true}]}}