{"id":166868,"date":"2020-08-14T14:27:43","date_gmt":"2020-08-14T17:27:43","guid":{"rendered":"https:\/\/diarioregionaldigital.com.br\/?p=166868"},"modified":"2020-08-14T14:27:43","modified_gmt":"2020-08-14T17:27:43","slug":"settra-cria-espacos-para-embarque-e-desembarque-na-regiao-central","status":"publish","type":"post","link":"https:\/\/diarioregionaldigital.com.br\/?p=166868","title":{"rendered":"Settra cria espa\u00e7os para embarque e desembarque na regi\u00e3o central"},"content":{"rendered":"<p>A Secretaria de Transportes e Tr\u00e2nsito (Settra) da Prefeitura de Juiz de Fora (PJF) criou outros tr\u00eas pontos de embarque e desembarque na regi\u00e3o central, que j\u00e1 podem ser utilizados, somando agora 13, para atender \u00e0 popula\u00e7\u00e3o. O principal objetivo \u00e9 que os condutores utilizem essas \u00e1reas, prioritariamente, evitando, assim, cometer infra\u00e7\u00f5es por paradas proibidas. Os tr\u00eas novos locais s\u00e3o: Rua Benjamin Constant, esquina com Av. dos Andradas; Fernando Lobo, com Av. Bar\u00e3o do Rio Branco; e Rua S\u00e3o Sebasti\u00e3o, com Av. Bar\u00e3o do Rio Branco.<\/p>\n<p>Estes locais podem ser utilizados por qualquer ve\u00edculo particular, al\u00e9m de t\u00e1xis e transporte por aplicativos. Segundo o secret\u00e1rio Eduardo Facio, da Settra, \u201cas vagas foram criadas justamente para dar maior conforto \u00e0 popula\u00e7\u00e3o que precisa embarcar ou desembarcar na regi\u00e3o central\u201d.<\/p>\n<p><b>Vagas de embarque e desembarque na regi\u00e3o central<\/b><\/p>\n<p>1 \u2013 Rua Benjamin Constant, esquina com Av. dos Andradas<\/p>\n<p>2 \u2013 Rua Santo Ant\u00f4nio com Benjamin Constant<\/p>\n<p>3 &#8211; Rua Benjamin Constant com Dona Maria Helena<\/p>\n<p>4 &#8211; Rua S\u00e3o Sebasti\u00e3o com Av. Francisco Bernardino<\/p>\n<p>5 &#8211; Rua S\u00e3o Sebasti\u00e3o com Batista de Oliveira<\/p>\n<p>6 &#8211; Rua S\u00e3o Sebasti\u00e3o com Av Bar\u00e3o do Rio Branco<\/p>\n<p>7 \u2013 Rua Pasteur com Santo Ant\u00f4nio<\/p>\n<p>8 &#8211; Rua Santo Ant\u00f4nio com Marechal Floriano Peixoto<\/p>\n<p>9 \u2013 Rua Halfeld com Dr. Paulo Frontin<\/p>\n<p>10 &#8211; Rua Halfeld, parte baixa<\/p>\n<p>11 \u2013 Rua Fernando Lobo com Av Bar\u00e3o do Rio Branco<\/p>\n<p>12 &#8211; Rua Fernando Lobo com Santo Ant\u00f4nio<\/p>\n<p>13 \u2013 Rua Esp\u00edrito Santo com Santo Ant\u00f4nio<\/p>\n<p><strong>Fonte:\u00a0<\/strong>Assessoria<\/p>\n","protected":false},"excerpt":{"rendered":"<p>A Secretaria de Transportes e Tr\u00e2nsito (Settra) da Prefeitura de Juiz de Fora (PJF) criou outros tr\u00eas pontos de embarque e desembarque na regi\u00e3o central, que j\u00e1 podem ser utilizados, somando agora 13, para atender \u00e0 popula\u00e7\u00e3o. O principal objetivo \u00e9 que os condutores utilizem essas \u00e1reas, prioritariamente, evitando, assim, cometer infra\u00e7\u00f5es por paradas proibidas. [&hellip;]<\/p>\n","protected":false},"author":96,"featured_media":166869,"comment_status":"closed","ping_status":"closed","sticky":false,"template":"","format":"standard","meta":{"footnotes":""},"categories":[253,436,439],"tags":[],"class_list":["post-166868","post","type-post","status-publish","format-standard","has-post-thumbnail","hentry","category-cidade","category-destaque-da-semana","category-ultima-hora"],"_links":{"self":[{"href":"https:\/\/diarioregionaldigital.com.br\/index.php?rest_route=\/wp\/v2\/posts\/166868","targetHints":{"allow":["GET"]}}],"collection":[{"href":"https:\/\/diarioregionaldigital.com.br\/index.php?rest_route=\/wp\/v2\/posts"}],"about":[{"href":"https:\/\/diarioregionaldigital.com.br\/index.php?rest_route=\/wp\/v2\/types\/post"}],"author":[{"embeddable":true,"href":"https:\/\/diarioregionaldigital.com.br\/index.php?rest_route=\/wp\/v2\/users\/96"}],"replies":[{"embeddable":true,"href":"https:\/\/diarioregionaldigital.com.br\/index.php?rest_route=%2Fwp%2Fv2%2Fcomments&post=166868"}],"version-history":[{"count":0,"href":"https:\/\/diarioregionaldigital.com.br\/index.php?rest_route=\/wp\/v2\/posts\/166868\/revisions"}],"wp:featuredmedia":[{"embeddable":true,"href":"https:\/\/diarioregionaldigital.com.br\/index.php?rest_route=\/wp\/v2\/media\/166869"}],"wp:attachment":[{"href":"https:\/\/diarioregionaldigital.com.br\/index.php?rest_route=%2Fwp%2Fv2%2Fmedia&parent=166868"}],"wp:term":[{"taxonomy":"category","embeddable":true,"href":"https:\/\/diarioregionaldigital.com.br\/index.php?rest_route=%2Fwp%2Fv2%2Fcategories&post=166868"},{"taxonomy":"post_tag","embeddable":true,"href":"https:\/\/diarioregionaldigital.com.br\/index.php?rest_route=%2Fwp%2Fv2%2Ftags&post=166868"}],"curies":[{"name":"wp","href":"https:\/\/api.w.org\/{rel}","templated":true}]}}