{"id":166863,"date":"2020-08-14T14:15:40","date_gmt":"2020-08-14T17:15:40","guid":{"rendered":"https:\/\/diarioregionaldigital.com.br\/?p=166863"},"modified":"2020-08-14T14:15:40","modified_gmt":"2020-08-14T17:15:40","slug":"trabalho-academico-sobre-obra-do-acervo-do-museu-tem-nota-maxima-em-mestrado","status":"publish","type":"post","link":"https:\/\/diarioregionaldigital.com.br\/?p=166863","title":{"rendered":"Trabalho acad\u00eamico sobre obra do acervo do Museu tem nota m\u00e1xima em mestrado"},"content":{"rendered":"<p>A pesquisa realizada por Paula Nathaiane, no Museu &#8220;Mariano Proc\u00f3pio&#8221;, sobre a alegoria do artista Oscar Pereira da Silva (1867-1939), \u201cA Noite\u201d, de 1927, recebeu nota m\u00e1xima, com conceito &#8220;A&#8221;, na defesa da disserta\u00e7\u00e3o para o mestrado do curso de Hist\u00f3ria da Universidade Federal de Juiz de Fora (UFJF). O trabalho acad\u00eamico teve in\u00edcio em 2016 e foi defendido pela estudante em julho, de forma remota, por conta da pandemia.<\/p>\n<p>Segundo Paula, o quadro foi apresentado a ela em aula na faculdade, e da\u00ed surgiu o interesse em estudar a obra e o trabalho do artista. Al\u00e9m de Oscar Pereira da Silva, a pesquisa incluiu trabalhos de outros pintores, utilizados como \u201caproxima\u00e7\u00e3o\u201d sobre representa\u00e7\u00f5es do nu feminino: &#8220;Foi amor \u00e0 primeira vista. Por isso, a vontade de realizar o estudo sobre a obra. Agrade\u00e7o a abertura do museu e \u00e0 sua equipe na realiza\u00e7\u00e3o da pesquisa. \u00c9 muito importante para o meio acad\u00eamico ter em Juiz de Fora uma institui\u00e7\u00e3o como esta, de acervo diverso, e que permite diferentes estudos&#8221;.<\/p>\n<p>O Museu mant\u00e9m v\u00ednculo permanente com a sociedade acad\u00eamica, e neste per\u00edodo de pandemia segue com atendimento, recebendo solicita\u00e7\u00f5es para pesquisa pelo e-mail: maprocultural@pjf.mg.gov.br.<\/p>\n<p><strong>Fonte:\u00a0<\/strong>Assessoria<\/p>\n","protected":false},"excerpt":{"rendered":"<p>A pesquisa realizada por Paula Nathaiane, no Museu &#8220;Mariano Proc\u00f3pio&#8221;, sobre a alegoria do artista Oscar Pereira da Silva (1867-1939), \u201cA Noite\u201d, de 1927, recebeu nota m\u00e1xima, com conceito &#8220;A&#8221;, na defesa da disserta\u00e7\u00e3o para o mestrado do curso de Hist\u00f3ria da Universidade Federal de Juiz de Fora (UFJF). O trabalho acad\u00eamico teve in\u00edcio em [&hellip;]<\/p>\n","protected":false},"author":96,"featured_media":166864,"comment_status":"closed","ping_status":"closed","sticky":false,"template":"","format":"standard","meta":{"footnotes":""},"categories":[256,436,439],"tags":[],"class_list":["post-166863","post","type-post","status-publish","format-standard","has-post-thumbnail","hentry","category-cultura","category-destaque-da-semana","category-ultima-hora"],"_links":{"self":[{"href":"https:\/\/diarioregionaldigital.com.br\/index.php?rest_route=\/wp\/v2\/posts\/166863","targetHints":{"allow":["GET"]}}],"collection":[{"href":"https:\/\/diarioregionaldigital.com.br\/index.php?rest_route=\/wp\/v2\/posts"}],"about":[{"href":"https:\/\/diarioregionaldigital.com.br\/index.php?rest_route=\/wp\/v2\/types\/post"}],"author":[{"embeddable":true,"href":"https:\/\/diarioregionaldigital.com.br\/index.php?rest_route=\/wp\/v2\/users\/96"}],"replies":[{"embeddable":true,"href":"https:\/\/diarioregionaldigital.com.br\/index.php?rest_route=%2Fwp%2Fv2%2Fcomments&post=166863"}],"version-history":[{"count":0,"href":"https:\/\/diarioregionaldigital.com.br\/index.php?rest_route=\/wp\/v2\/posts\/166863\/revisions"}],"wp:featuredmedia":[{"embeddable":true,"href":"https:\/\/diarioregionaldigital.com.br\/index.php?rest_route=\/wp\/v2\/media\/166864"}],"wp:attachment":[{"href":"https:\/\/diarioregionaldigital.com.br\/index.php?rest_route=%2Fwp%2Fv2%2Fmedia&parent=166863"}],"wp:term":[{"taxonomy":"category","embeddable":true,"href":"https:\/\/diarioregionaldigital.com.br\/index.php?rest_route=%2Fwp%2Fv2%2Fcategories&post=166863"},{"taxonomy":"post_tag","embeddable":true,"href":"https:\/\/diarioregionaldigital.com.br\/index.php?rest_route=%2Fwp%2Fv2%2Ftags&post=166863"}],"curies":[{"name":"wp","href":"https:\/\/api.w.org\/{rel}","templated":true}]}}