{"id":166860,"date":"2020-08-14T14:13:46","date_gmt":"2020-08-14T17:13:46","guid":{"rendered":"https:\/\/diarioregionaldigital.com.br\/?p=166860"},"modified":"2020-08-14T14:13:46","modified_gmt":"2020-08-14T17:13:46","slug":"atp-altera-calendario-e-confirma-torneios-ate-final-de-2020","status":"publish","type":"post","link":"https:\/\/diarioregionaldigital.com.br\/?p=166860","title":{"rendered":"ATP altera calend\u00e1rio e confirma torneios at\u00e9 final de 2020"},"content":{"rendered":"<p><span style=\"font-weight: 400;\">A Associa\u00e7\u00e3o dos Tenistas Profissionais (ATP), divulgou em seu site oficial, uma s\u00e9rie de mudan\u00e7as no seu calend\u00e1rio provis\u00f3rio e confirmou realiza\u00e7\u00e3o de torneios at\u00e9 o final deste ano. O calend\u00e1rio revisado marca a continua\u00e7\u00e3o do plano de retomar a temporada do ATP Tour, ap\u00f3s a suspens\u00e3o em mar\u00e7o devido ao COVID-19.\u00a0<\/span><\/p>\n<p><span style=\"font-weight: 400;\">A entidade reafirma que o novo calend\u00e1rio pode passar por mudan\u00e7as ao longo do ano e que avalia todos os protocolos de seguran\u00e7a e de preven\u00e7\u00e3o ao Coronav\u00edrus. Al\u00e9m disso, visa tamb\u00e9m as pol\u00edticas de viagens internacionais e aprova\u00e7\u00e3o governamental de eventos esportivos.\u00a0<\/span><\/p>\n<p><span style=\"font-weight: 400;\">Ap\u00f3s a realiza\u00e7\u00e3o do Masters 1000 de Cincinnati e do US Open em Nova York, os atletas ficar\u00e3o concentrados na Europa, com direito a gira de saibro at\u00e9 Roland Garros e depois de quadras r\u00e1pidas at\u00e9 o ATP Finals, em Londres no m\u00eas de novembro.<\/span><\/p>\n<p><span style=\"font-weight: 400;\">Dentre as mudan\u00e7as no calend\u00e1rio, est\u00e1 o adiamento do Masters 1000 de Roma na It\u00e1lia, que ocupar\u00e3o o cronograma previsto para a realiza\u00e7\u00e3o do Masters 1000 de Madrid, que foi adiado por conta da pandemia. Logo em seguida, v\u00eam ATP 500 Hamburgo European Open e na semana posterior tem o Torneio de Roland Garros.<\/span><\/p>\n<p><span style=\"font-weight: 400;\">Al\u00e9m disso, os atletas passar\u00e3o tamb\u00e9m por S\u00e3o Petersburgo, Antu\u00e9rpia, Moscou, Viena, Paris, Sofia e Londres. Entre as mudan\u00e7as, o aberto de S\u00e3o Petersburgo na R\u00fassia ganhar\u00e1 status de ATP 500.<\/span><\/p>\n<p><span style=\"font-weight: 400;\">Andrea Gaudenzi, presidente da ATP, disse: &#8220;O t\u00eanis est\u00e1 come\u00e7ando a encontrar o seu caminho de volta e, embora devamos antes de mais nada cuidar da sa\u00fade e seguran\u00e7a de todos os envolvidos, temos esperan\u00e7a de sermos capazes de manter essas oportunidades de jogo e produzir um forte final de temporada. Gostaria de elogiar os torneios por seu compromisso cont\u00ednuo, flexibilidade e desenvoltura em encontrar solu\u00e7\u00f5es para operar sob essas circunst\u00e2ncias desafiadoras. \u201d<\/span><\/p>\n","protected":false},"excerpt":{"rendered":"<p>A Associa\u00e7\u00e3o dos Tenistas Profissionais (ATP), divulgou em seu site oficial, uma s\u00e9rie de mudan\u00e7as no seu calend\u00e1rio provis\u00f3rio e confirmou realiza\u00e7\u00e3o de torneios at\u00e9 o final deste ano. O calend\u00e1rio revisado marca a continua\u00e7\u00e3o do plano de retomar a temporada do ATP Tour, ap\u00f3s a suspens\u00e3o em mar\u00e7o devido ao COVID-19.\u00a0 A entidade reafirma [&hellip;]<\/p>\n","protected":false},"author":96,"featured_media":166861,"comment_status":"closed","ping_status":"closed","sticky":false,"template":"","format":"standard","meta":{"footnotes":""},"categories":[436,257,439],"tags":[],"class_list":["post-166860","post","type-post","status-publish","format-standard","has-post-thumbnail","hentry","category-destaque-da-semana","category-esporte","category-ultima-hora"],"_links":{"self":[{"href":"https:\/\/diarioregionaldigital.com.br\/index.php?rest_route=\/wp\/v2\/posts\/166860","targetHints":{"allow":["GET"]}}],"collection":[{"href":"https:\/\/diarioregionaldigital.com.br\/index.php?rest_route=\/wp\/v2\/posts"}],"about":[{"href":"https:\/\/diarioregionaldigital.com.br\/index.php?rest_route=\/wp\/v2\/types\/post"}],"author":[{"embeddable":true,"href":"https:\/\/diarioregionaldigital.com.br\/index.php?rest_route=\/wp\/v2\/users\/96"}],"replies":[{"embeddable":true,"href":"https:\/\/diarioregionaldigital.com.br\/index.php?rest_route=%2Fwp%2Fv2%2Fcomments&post=166860"}],"version-history":[{"count":0,"href":"https:\/\/diarioregionaldigital.com.br\/index.php?rest_route=\/wp\/v2\/posts\/166860\/revisions"}],"wp:featuredmedia":[{"embeddable":true,"href":"https:\/\/diarioregionaldigital.com.br\/index.php?rest_route=\/wp\/v2\/media\/166861"}],"wp:attachment":[{"href":"https:\/\/diarioregionaldigital.com.br\/index.php?rest_route=%2Fwp%2Fv2%2Fmedia&parent=166860"}],"wp:term":[{"taxonomy":"category","embeddable":true,"href":"https:\/\/diarioregionaldigital.com.br\/index.php?rest_route=%2Fwp%2Fv2%2Fcategories&post=166860"},{"taxonomy":"post_tag","embeddable":true,"href":"https:\/\/diarioregionaldigital.com.br\/index.php?rest_route=%2Fwp%2Fv2%2Ftags&post=166860"}],"curies":[{"name":"wp","href":"https:\/\/api.w.org\/{rel}","templated":true}]}}