{"id":166857,"date":"2020-08-14T13:52:18","date_gmt":"2020-08-14T16:52:18","guid":{"rendered":"https:\/\/diarioregionaldigital.com.br\/?p=166857"},"modified":"2020-08-14T13:52:18","modified_gmt":"2020-08-14T16:52:18","slug":"tecnica-pia-sundhage-retoma-atividades-presenciais-na-granja-comary","status":"publish","type":"post","link":"https:\/\/diarioregionaldigital.com.br\/?p=166857","title":{"rendered":"T\u00e9cnica Pia Sundhage retoma atividades presenciais na Granja Comary"},"content":{"rendered":"<p><span style=\"font-weight: 400;\">A t\u00e9cnica da Sele\u00e7\u00e3o Brasileira Feminina, Pia Sundhage, est\u00e1 de volta ao Brasil e j\u00e1 retomou suas atividades presenciais, na Granja Comary em Teres\u00f3polis (RJ). Por conta da pandemia do Coronav\u00edrus, a sueca ficou em seu pa\u00eds natal e nessa semana, retornou ao Brasil e seguiu os trabalhos \u00e0 dist\u00e2ncia durante esse per\u00edodo, comandando reuni\u00f5es onlines com a comiss\u00e3o t\u00e9cnica e as atletas.<\/span><\/p>\n<p><span style=\"font-weight: 400;\">Em entrevista para o site oficial da Confedera\u00e7\u00e3o Brasileira de Futebol (CBF), Sundhage fala sobre a sensa\u00e7\u00e3o de estar de volta ao Brasil, ap\u00f3s ficar cinco meses na Su\u00e9cia:<\/span><\/p>\n<p><span style=\"font-weight: 400;\">&#8220;Voltar para o Brasil era algo que eu j\u00e1 desejava. Eu deveria ter apenas ido \u00e0 Su\u00e9cia, mas devido a pandemia de coronav\u00edrus, eu tive que ficar no meu pa\u00eds. Estava desejando muito poder voltar para os campos, para as atletas e a minha comiss\u00e3o t\u00e9cnica&#8221;, conta Pia.<\/span><\/p>\n<p><span style=\"font-weight: 400;\">Dentre as atividades na Granja Comary, a treinadora acompanha os treinos da Sele\u00e7\u00e3o Feminina Sub-17, bem como faz acompanhamento da comiss\u00e3o t\u00e9cnica. A equipe se prepara para o Campeonato Sul-Americano da categoria, previsto para novembro, no Uruguai.\u00a0<\/span><\/p>\n<p><span style=\"font-weight: 400;\">Al\u00e9m disso, Pia se reuniu com auxiliar-t\u00e9cnica, Beatriz Vaz, o fisiologista, Luciano Capelli, e o coordenador m\u00e9dico Nemi Sabeh. Ap\u00f3s reencontrar seus colegas de trabalho, a treinadora n\u00e3o escondeu a felicidade de rever sua comiss\u00e3o:<\/span><\/p>\n<p><span style=\"font-weight: 400;\">&#8220;Foi um bom momento reencontr\u00e1-los! A gente n\u00e3o pode ver os sorrisos, mas eu vi o sorriso deles nos olhos, e espero que tenham visto o meu sorriso tamb\u00e9m. \u00c9 bom porque estamos conversando sobre os nossos pr\u00f3ximos passos, e eu considero importante estar por perto&#8221;, declara.<\/span><\/p>\n<p><span style=\"font-weight: 400;\">Durante o per\u00edodo em que esteve fora do Brasil, por conta da pandemia e consequentemente sem jogos preparat\u00f3rios, Pia preparou uma s\u00e9rie de reuni\u00f5es semanais com a comiss\u00e3o t\u00e9cnica, as jogadoras e os t\u00e9cnicos das Sele\u00e7\u00f5es Feminina Sub-20 e Sub-17. Para a treinadora, o planejamento visa manter o foco e a prepara\u00e7\u00e3o para os Jogos Ol\u00edmpicos de T\u00f3quio, adiados para 2021:<\/span><\/p>\n<p><span style=\"font-weight: 400;\">&#8220;Eu realmente senti falta da Sele\u00e7\u00e3o, e para tentarmos criar uma atmosfera que todos entendam que fazemos parte do mesmo time, fizemos toda semana reuni\u00f5es online. Foi importante sentir que n\u00f3s pertencemos ao mesmo grupo. Ent\u00e3o, apesar do pa\u00eds e do mundo n\u00e3o estarem aptos para os jogos internacionais, n\u00f3s sentimos que precis\u00e1vamos estar preparadas&#8221;, destaca Pia. <\/span><\/p>\n","protected":false},"excerpt":{"rendered":"<p>A t\u00e9cnica da Sele\u00e7\u00e3o Brasileira Feminina, Pia Sundhage, est\u00e1 de volta ao Brasil e j\u00e1 retomou suas atividades presenciais, na Granja Comary em Teres\u00f3polis (RJ). Por conta da pandemia do Coronav\u00edrus, a sueca ficou em seu pa\u00eds natal e nessa semana, retornou ao Brasil e seguiu os trabalhos \u00e0 dist\u00e2ncia durante esse per\u00edodo, comandando reuni\u00f5es [&hellip;]<\/p>\n","protected":false},"author":96,"featured_media":166858,"comment_status":"closed","ping_status":"closed","sticky":false,"template":"","format":"standard","meta":{"footnotes":""},"categories":[436,257,439],"tags":[],"class_list":["post-166857","post","type-post","status-publish","format-standard","has-post-thumbnail","hentry","category-destaque-da-semana","category-esporte","category-ultima-hora"],"_links":{"self":[{"href":"https:\/\/diarioregionaldigital.com.br\/index.php?rest_route=\/wp\/v2\/posts\/166857","targetHints":{"allow":["GET"]}}],"collection":[{"href":"https:\/\/diarioregionaldigital.com.br\/index.php?rest_route=\/wp\/v2\/posts"}],"about":[{"href":"https:\/\/diarioregionaldigital.com.br\/index.php?rest_route=\/wp\/v2\/types\/post"}],"author":[{"embeddable":true,"href":"https:\/\/diarioregionaldigital.com.br\/index.php?rest_route=\/wp\/v2\/users\/96"}],"replies":[{"embeddable":true,"href":"https:\/\/diarioregionaldigital.com.br\/index.php?rest_route=%2Fwp%2Fv2%2Fcomments&post=166857"}],"version-history":[{"count":0,"href":"https:\/\/diarioregionaldigital.com.br\/index.php?rest_route=\/wp\/v2\/posts\/166857\/revisions"}],"wp:featuredmedia":[{"embeddable":true,"href":"https:\/\/diarioregionaldigital.com.br\/index.php?rest_route=\/wp\/v2\/media\/166858"}],"wp:attachment":[{"href":"https:\/\/diarioregionaldigital.com.br\/index.php?rest_route=%2Fwp%2Fv2%2Fmedia&parent=166857"}],"wp:term":[{"taxonomy":"category","embeddable":true,"href":"https:\/\/diarioregionaldigital.com.br\/index.php?rest_route=%2Fwp%2Fv2%2Fcategories&post=166857"},{"taxonomy":"post_tag","embeddable":true,"href":"https:\/\/diarioregionaldigital.com.br\/index.php?rest_route=%2Fwp%2Fv2%2Ftags&post=166857"}],"curies":[{"name":"wp","href":"https:\/\/api.w.org\/{rel}","templated":true}]}}