{"id":166855,"date":"2020-08-14T13:28:02","date_gmt":"2020-08-14T16:28:02","guid":{"rendered":"https:\/\/diarioregionaldigital.com.br\/?p=166855"},"modified":"2020-08-14T13:28:02","modified_gmt":"2020-08-14T16:28:02","slug":"idoso-e-intimado-a-efetuar-pagamento-de-divida","status":"publish","type":"post","link":"https:\/\/diarioregionaldigital.com.br\/?p=166855","title":{"rendered":"Idoso \u00e9 intimado a efetuar pagamento de d\u00edvida"},"content":{"rendered":"<p>Um idoso de 68 anos, relatou \u00e0 Pol\u00edcia Militar (PM), que na quarta-feira (12), recebeu uma liga\u00e7\u00e3o, requisitando que o mesmo efetuasse pagamento de uma d\u00edvida existente. Ao chegar no local, o gerente informou ao idoso que foi creditado um valor superior a R$ 20.000,00 sendo que devido a este cr\u00e9dito, a v\u00edtima deveria quitar a d\u00edvida que ela fez com um ag\u00eancia banc\u00e1ria.<\/p>\n<p>Al\u00e9m disso, o idoso relatou que a d\u00edvida \u00e9 para um ex-policial militar e que o mesmo tem feito amea\u00e7as de morte contra a v\u00edtima e a sua fam\u00edlia, que por temer por sua vida, efetuou a transfer\u00eancia para a conta do autor, no valor de R$18.000,00. O receptor da d\u00edvida, junto com um outro indiv\u00edduo, foram at\u00e9 \u00e0 resid\u00eancia do idoso exigindo o restante de R$7.000,00. O filho da v\u00edtima ao notar o caso, amea\u00e7ou ligar para um amigo e os indiv\u00edduos fugiram do local.<\/p>\n","protected":false},"excerpt":{"rendered":"<p>Um idoso de 68 anos, relatou \u00e0 Pol\u00edcia Militar (PM), que na quarta-feira (12), recebeu uma liga\u00e7\u00e3o, requisitando que o mesmo efetuasse pagamento de uma d\u00edvida existente. Ao chegar no local, o gerente informou ao idoso que foi creditado um valor superior a R$ 20.000,00 sendo que devido a este cr\u00e9dito, a v\u00edtima deveria quitar [&hellip;]<\/p>\n","protected":false},"author":96,"featured_media":165308,"comment_status":"closed","ping_status":"closed","sticky":false,"template":"","format":"standard","meta":{"footnotes":""},"categories":[301,436,439],"tags":[],"class_list":["post-166855","post","type-post","status-publish","format-standard","has-post-thumbnail","hentry","category-artigos-policiais","category-destaque-da-semana","category-ultima-hora"],"_links":{"self":[{"href":"https:\/\/diarioregionaldigital.com.br\/index.php?rest_route=\/wp\/v2\/posts\/166855","targetHints":{"allow":["GET"]}}],"collection":[{"href":"https:\/\/diarioregionaldigital.com.br\/index.php?rest_route=\/wp\/v2\/posts"}],"about":[{"href":"https:\/\/diarioregionaldigital.com.br\/index.php?rest_route=\/wp\/v2\/types\/post"}],"author":[{"embeddable":true,"href":"https:\/\/diarioregionaldigital.com.br\/index.php?rest_route=\/wp\/v2\/users\/96"}],"replies":[{"embeddable":true,"href":"https:\/\/diarioregionaldigital.com.br\/index.php?rest_route=%2Fwp%2Fv2%2Fcomments&post=166855"}],"version-history":[{"count":0,"href":"https:\/\/diarioregionaldigital.com.br\/index.php?rest_route=\/wp\/v2\/posts\/166855\/revisions"}],"wp:featuredmedia":[{"embeddable":true,"href":"https:\/\/diarioregionaldigital.com.br\/index.php?rest_route=\/wp\/v2\/media\/165308"}],"wp:attachment":[{"href":"https:\/\/diarioregionaldigital.com.br\/index.php?rest_route=%2Fwp%2Fv2%2Fmedia&parent=166855"}],"wp:term":[{"taxonomy":"category","embeddable":true,"href":"https:\/\/diarioregionaldigital.com.br\/index.php?rest_route=%2Fwp%2Fv2%2Fcategories&post=166855"},{"taxonomy":"post_tag","embeddable":true,"href":"https:\/\/diarioregionaldigital.com.br\/index.php?rest_route=%2Fwp%2Fv2%2Ftags&post=166855"}],"curies":[{"name":"wp","href":"https:\/\/api.w.org\/{rel}","templated":true}]}}