{"id":166853,"date":"2020-08-14T13:18:58","date_gmt":"2020-08-14T16:18:58","guid":{"rendered":"https:\/\/diarioregionaldigital.com.br\/?p=166853"},"modified":"2020-08-14T13:18:58","modified_gmt":"2020-08-14T16:18:58","slug":"pm-recebe-tres-ocorrencias-de-roubo-na-regiao-central-de-juiz-de-fora","status":"publish","type":"post","link":"https:\/\/diarioregionaldigital.com.br\/?p=166853","title":{"rendered":"PM recebe tr\u00eas ocorr\u00eancias de roubo na Regi\u00e3o Central de Juiz de Fora"},"content":{"rendered":"<p>A Pol\u00edcia Militar (PM), recebeu na quinta-feira (13), tr\u00eas ocorr\u00eancias de roubo na Regi\u00e3o Central de Juiz de Fora. O primeiro ocorreu na noite de quarta-feira (12), na Rua Esp\u00edrito Santo no Bairro Granbery (Regi\u00e3o Central), onde uma jovem de 18 anos foi abordada por um homem com posse de arma de fogo e o mesmo exigiu que a v\u00edtima entregasse o celular. Logo em seguida, o autor fugiu do local e n\u00e3o foi encontrado.<\/p>\n<p>O segundo caso aconteceu ontem (13) na Rua Batista de Oliveira, onde um jovem de 23 anos, foi abordado por um homem que estava com posse de objeto semelhante a arma de fogo e o mesmo levou o celular da v\u00edtima. O suspeito fugiu logo em seguida, mas n\u00e3o foi localizado. E o \u00faltimo caso ocorreu na noite de quinta-feira, quando um homem entrou em uma loja e com posse de arma de fogo, assaltou uma jovem de 26 anos. Durante o ato, o suspeito levou a quantia de R$ 300,00 em dinheiro. A v\u00edtima relatou \u00e0 PM que havia um outro indiv\u00edduo do lado de fora do estabelecimento, dando cobertura ao assaltante. Ap\u00f3s o ato, os dois suspeitos fugiram em sentido \u00e0 Rua Esp\u00edrito Santo.<\/p>\n<p>&nbsp;<\/p>\n","protected":false},"excerpt":{"rendered":"<p>A Pol\u00edcia Militar (PM), recebeu na quinta-feira (13), tr\u00eas ocorr\u00eancias de roubo na Regi\u00e3o Central de Juiz de Fora. O primeiro ocorreu na noite de quarta-feira (12), na Rua Esp\u00edrito Santo no Bairro Granbery (Regi\u00e3o Central), onde uma jovem de 18 anos foi abordada por um homem com posse de arma de fogo e o [&hellip;]<\/p>\n","protected":false},"author":96,"featured_media":165308,"comment_status":"closed","ping_status":"closed","sticky":false,"template":"","format":"standard","meta":{"footnotes":""},"categories":[301,436,439],"tags":[],"class_list":["post-166853","post","type-post","status-publish","format-standard","has-post-thumbnail","hentry","category-artigos-policiais","category-destaque-da-semana","category-ultima-hora"],"_links":{"self":[{"href":"https:\/\/diarioregionaldigital.com.br\/index.php?rest_route=\/wp\/v2\/posts\/166853","targetHints":{"allow":["GET"]}}],"collection":[{"href":"https:\/\/diarioregionaldigital.com.br\/index.php?rest_route=\/wp\/v2\/posts"}],"about":[{"href":"https:\/\/diarioregionaldigital.com.br\/index.php?rest_route=\/wp\/v2\/types\/post"}],"author":[{"embeddable":true,"href":"https:\/\/diarioregionaldigital.com.br\/index.php?rest_route=\/wp\/v2\/users\/96"}],"replies":[{"embeddable":true,"href":"https:\/\/diarioregionaldigital.com.br\/index.php?rest_route=%2Fwp%2Fv2%2Fcomments&post=166853"}],"version-history":[{"count":0,"href":"https:\/\/diarioregionaldigital.com.br\/index.php?rest_route=\/wp\/v2\/posts\/166853\/revisions"}],"wp:featuredmedia":[{"embeddable":true,"href":"https:\/\/diarioregionaldigital.com.br\/index.php?rest_route=\/wp\/v2\/media\/165308"}],"wp:attachment":[{"href":"https:\/\/diarioregionaldigital.com.br\/index.php?rest_route=%2Fwp%2Fv2%2Fmedia&parent=166853"}],"wp:term":[{"taxonomy":"category","embeddable":true,"href":"https:\/\/diarioregionaldigital.com.br\/index.php?rest_route=%2Fwp%2Fv2%2Fcategories&post=166853"},{"taxonomy":"post_tag","embeddable":true,"href":"https:\/\/diarioregionaldigital.com.br\/index.php?rest_route=%2Fwp%2Fv2%2Ftags&post=166853"}],"curies":[{"name":"wp","href":"https:\/\/api.w.org\/{rel}","templated":true}]}}