{"id":166848,"date":"2020-08-14T11:12:15","date_gmt":"2020-08-14T14:12:15","guid":{"rendered":"https:\/\/diarioregionaldigital.com.br\/?p=166848"},"modified":"2020-08-14T14:53:29","modified_gmt":"2020-08-14T17:53:29","slug":"agencia-bancaria-pega-fogo-no-benfica","status":"publish","type":"post","link":"https:\/\/diarioregionaldigital.com.br\/?p=166848","title":{"rendered":"Ag\u00eancia banc\u00e1ria pega fogo no Benfica"},"content":{"rendered":"<p>A central de atendimento de uma ag\u00eancia banc\u00e1ria, acionou a Pol\u00edcia Militar (PM), na madrugada desta sexta-feira (14), no Bairro Benfica (Regi\u00e3o Norte), denunciando um autor que ateou fogo dentro do local e que teria utilizado um l\u00edquido inflam\u00e1vel para produzir o artefato. Logo em seguida o suspeito fugiu em uma motocicleta de cor preta, entretanto n\u00e3o foi localizado. Guarni\u00e7\u00e3o do Corpo de Bombeiros foi acionada, para combater o fogo no local.<\/p>\n","protected":false},"excerpt":{"rendered":"<p>A central de atendimento de uma ag\u00eancia banc\u00e1ria, acionou a Pol\u00edcia Militar (PM), na madrugada desta sexta-feira (14), no Bairro Benfica (Regi\u00e3o Norte), denunciando um autor que ateou fogo dentro do local e que teria utilizado um l\u00edquido inflam\u00e1vel para produzir o artefato. Logo em seguida o suspeito fugiu em uma motocicleta de cor preta, [&hellip;]<\/p>\n","protected":false},"author":96,"featured_media":166849,"comment_status":"closed","ping_status":"closed","sticky":false,"template":"","format":"standard","meta":{"footnotes":""},"categories":[253,436,440,439],"tags":[],"class_list":["post-166848","post","type-post","status-publish","format-standard","has-post-thumbnail","hentry","category-cidade","category-destaque-da-semana","category-destaques-do-dia","category-ultima-hora"],"_links":{"self":[{"href":"https:\/\/diarioregionaldigital.com.br\/index.php?rest_route=\/wp\/v2\/posts\/166848","targetHints":{"allow":["GET"]}}],"collection":[{"href":"https:\/\/diarioregionaldigital.com.br\/index.php?rest_route=\/wp\/v2\/posts"}],"about":[{"href":"https:\/\/diarioregionaldigital.com.br\/index.php?rest_route=\/wp\/v2\/types\/post"}],"author":[{"embeddable":true,"href":"https:\/\/diarioregionaldigital.com.br\/index.php?rest_route=\/wp\/v2\/users\/96"}],"replies":[{"embeddable":true,"href":"https:\/\/diarioregionaldigital.com.br\/index.php?rest_route=%2Fwp%2Fv2%2Fcomments&post=166848"}],"version-history":[{"count":0,"href":"https:\/\/diarioregionaldigital.com.br\/index.php?rest_route=\/wp\/v2\/posts\/166848\/revisions"}],"wp:featuredmedia":[{"embeddable":true,"href":"https:\/\/diarioregionaldigital.com.br\/index.php?rest_route=\/wp\/v2\/media\/166849"}],"wp:attachment":[{"href":"https:\/\/diarioregionaldigital.com.br\/index.php?rest_route=%2Fwp%2Fv2%2Fmedia&parent=166848"}],"wp:term":[{"taxonomy":"category","embeddable":true,"href":"https:\/\/diarioregionaldigital.com.br\/index.php?rest_route=%2Fwp%2Fv2%2Fcategories&post=166848"},{"taxonomy":"post_tag","embeddable":true,"href":"https:\/\/diarioregionaldigital.com.br\/index.php?rest_route=%2Fwp%2Fv2%2Ftags&post=166848"}],"curies":[{"name":"wp","href":"https:\/\/api.w.org\/{rel}","templated":true}]}}