{"id":166840,"date":"2020-08-14T10:25:41","date_gmt":"2020-08-14T13:25:41","guid":{"rendered":"https:\/\/diarioregionaldigital.com.br\/?p=166840"},"modified":"2020-08-14T10:25:41","modified_gmt":"2020-08-14T13:25:41","slug":"pjf-prorroga-cartao-vale-alimentacao-da-rede-de-ensino-por-tres-meses","status":"publish","type":"post","link":"https:\/\/diarioregionaldigital.com.br\/?p=166840","title":{"rendered":"PJF prorroga Cart\u00e3o Vale-Alimenta\u00e7\u00e3o da rede de ensino por tr\u00eas meses"},"content":{"rendered":"<p>A Prefeitura de Juiz de Fora (PJF) prorrogar\u00e1 o prazo para o benef\u00edcio do Cart\u00e3o Vale-alimenta\u00e7\u00e3o da Rede Municipal de Ensino. Inicialmente, o per\u00edodo era de tr\u00eas meses, come\u00e7ando no final de maio. Por\u00e9m, devido \u00e0 continuidade das medidas sanit\u00e1rias de seguran\u00e7a em decorr\u00eancia da covid-19, o prazo foi revisado e ser\u00e1 prorrogado por tr\u00eas meses, ou at\u00e9 o retorno regular das aulas presenciais, caso ocorra antes do per\u00edodo determinado. O programa \u00e9 iniciativa da PJF, atrav\u00e9s das secretarias de Educa\u00e7\u00e3o (SE) e de Desenvolvimento Econ\u00f4mico, Turismo e Agropecu\u00e1ria (Sedeta).<\/p>\n<p>Para continuidade de recebimento do benef\u00edcio, os usu\u00e1rios devem ficar atentos \u00e0 presta\u00e7\u00e3o de contas. A Portaria Conjunta n\u00ba 4.204 \u2013 SE\/Sedeta divulgada em 1\u00ba de agosto, determina que a presta\u00e7\u00e3o de contas prevista para os pais ou respons\u00e1veis das crian\u00e7as e alunos contemplados pelo programa, dever\u00e1 ser efetuada, impreterivelmente, no prazo de 15 dias corridos, a contar da data da libera\u00e7\u00e3o dos respectivos cr\u00e9ditos para utiliza\u00e7\u00e3o, atrav\u00e9s do Cart\u00e3o Vale Alimenta\u00e7\u00e3o. Isso dever\u00e1 ser feito atrav\u00e9s do endere\u00e7o jf.e-beneficio.com, com c\u00f3pia da nota fiscal, constando no documento o Cadastro de Pessoa F\u00edsica (CPF) do portador do cart\u00e3o.<\/p>\n<p>No caso de impossibilidade de utiliza\u00e7\u00e3o desta plataforma, observado o prazo, a presta\u00e7\u00e3o de contas poder\u00e1 ocorrer presencialmente, na sede da SE, na Avenida Get\u00falio Vargas, 200, Centro, entre 12 e 17 horas, nos dias \u00fateis. Caso n\u00e3o haja presta\u00e7\u00e3o de contas no prazo previsto pela portaria, o benefici\u00e1rio poder\u00e1 ainda realiz\u00e1-la nos pr\u00f3ximos 15 dias consecutivos, ficando a recarga do cart\u00e3o para data posterior, ap\u00f3s an\u00e1lise das notas.<\/p>\n<p>Institu\u00eddo pelo Decreto Municipal n\u00ba 13.938, de 30 de abril de 2020, o \u201cPrograma Municipal de Distribui\u00e7\u00e3o de G\u00eaneros Aliment\u00edcios\u201d, em car\u00e1ter excepcional, beneficia alunos da Rede Municipal de Ensino de Juiz de Fora \u2013 escolas e creches, inscritos no Cadastro \u00danico para Programas Sociais do Governo Federal (Cad\u00danico) e ativos do Bolsa Fam\u00edlia (PBF).<\/p>\n<p>O valor creditado \u00e9 de R$ 50 mensais por aluno, enquanto as atividades escolares estiverem suspensas. Os cr\u00e9ditos depositados ser\u00e3o de acordo com o n\u00famero de filhos da mesma fam\u00edlia, matriculados na Rede Municipal de Ensino, ainda que em escolas diferentes. O cart\u00e3o pode ser utilizado para aquisi\u00e7\u00e3o de g\u00eaneros aliment\u00edcios em toda a rede credenciada pela Ticket, como mercados, supermercados, padarias e a\u00e7ougues, dentre outros.<\/p>\n<p>Para realiza\u00e7\u00e3o do programa, a PJF firmou contrato com a empresa Ticket Servi\u00e7os, por meio do chamamento p\u00fablico 001\/2020. Foi firmada, tamb\u00e9m, parceria com a empresa App Master, que disponibilizou gratuitamente o site do programa, para presta\u00e7\u00e3o de contas dos usu\u00e1rios.<\/p>\n<p>At\u00e9 agora foram disponibilizados quase oito mil cart\u00f5es pelo programa. Cerca de 400 fam\u00edlias, com direito ao benef\u00edcio, ainda n\u00e3o procuraram a SE para a retirada do cart\u00e3o. Esses benefici\u00e1rios ter\u00e3o at\u00e9 segunda-feira 17, para fazer a retirada. Caso isso n\u00e3o ocorra dentro deste prazo, os cart\u00f5es s\u00f3 ser\u00e3o disponibilizados atrav\u00e9s de nova<\/p>\n<p><strong>Fonte:\u00a0<\/strong>Assessoria<\/p>\n","protected":false},"excerpt":{"rendered":"<p>A Prefeitura de Juiz de Fora (PJF) prorrogar\u00e1 o prazo para o benef\u00edcio do Cart\u00e3o Vale-alimenta\u00e7\u00e3o da Rede Municipal de Ensino. Inicialmente, o per\u00edodo era de tr\u00eas meses, come\u00e7ando no final de maio. Por\u00e9m, devido \u00e0 continuidade das medidas sanit\u00e1rias de seguran\u00e7a em decorr\u00eancia da covid-19, o prazo foi revisado e ser\u00e1 prorrogado por tr\u00eas [&hellip;]<\/p>\n","protected":false},"author":96,"featured_media":166841,"comment_status":"closed","ping_status":"closed","sticky":false,"template":"","format":"standard","meta":{"footnotes":""},"categories":[253,436,439],"tags":[],"class_list":["post-166840","post","type-post","status-publish","format-standard","has-post-thumbnail","hentry","category-cidade","category-destaque-da-semana","category-ultima-hora"],"_links":{"self":[{"href":"https:\/\/diarioregionaldigital.com.br\/index.php?rest_route=\/wp\/v2\/posts\/166840","targetHints":{"allow":["GET"]}}],"collection":[{"href":"https:\/\/diarioregionaldigital.com.br\/index.php?rest_route=\/wp\/v2\/posts"}],"about":[{"href":"https:\/\/diarioregionaldigital.com.br\/index.php?rest_route=\/wp\/v2\/types\/post"}],"author":[{"embeddable":true,"href":"https:\/\/diarioregionaldigital.com.br\/index.php?rest_route=\/wp\/v2\/users\/96"}],"replies":[{"embeddable":true,"href":"https:\/\/diarioregionaldigital.com.br\/index.php?rest_route=%2Fwp%2Fv2%2Fcomments&post=166840"}],"version-history":[{"count":0,"href":"https:\/\/diarioregionaldigital.com.br\/index.php?rest_route=\/wp\/v2\/posts\/166840\/revisions"}],"wp:featuredmedia":[{"embeddable":true,"href":"https:\/\/diarioregionaldigital.com.br\/index.php?rest_route=\/wp\/v2\/media\/166841"}],"wp:attachment":[{"href":"https:\/\/diarioregionaldigital.com.br\/index.php?rest_route=%2Fwp%2Fv2%2Fmedia&parent=166840"}],"wp:term":[{"taxonomy":"category","embeddable":true,"href":"https:\/\/diarioregionaldigital.com.br\/index.php?rest_route=%2Fwp%2Fv2%2Fcategories&post=166840"},{"taxonomy":"post_tag","embeddable":true,"href":"https:\/\/diarioregionaldigital.com.br\/index.php?rest_route=%2Fwp%2Fv2%2Ftags&post=166840"}],"curies":[{"name":"wp","href":"https:\/\/api.w.org\/{rel}","templated":true}]}}