{"id":166837,"date":"2020-08-14T10:23:55","date_gmt":"2020-08-14T13:23:55","guid":{"rendered":"https:\/\/diarioregionaldigital.com.br\/?p=166837"},"modified":"2020-08-14T10:23:55","modified_gmt":"2020-08-14T13:23:55","slug":"atividades-presenciais-na-camara-municipal-de-juiz-de-fora-serao-retomadas-nesta-segunda-feira","status":"publish","type":"post","link":"https:\/\/diarioregionaldigital.com.br\/?p=166837","title":{"rendered":"Atividades presenciais na C\u00e2mara Municipal de Juiz de Fora ser\u00e3o retomadas nesta segunda-feira"},"content":{"rendered":"<p>A C\u00e2mara Municipal de Juiz de Fora, retoma nesta segunda-feira (17), as atividades presenciais de todos os setores. Al\u00e9m disso, os servidores do Legislativo retornar\u00e3o ao trabalho de forma gradual.<\/p>\n<p>A retomada das atividades presenciais seguir\u00e1 todas as medidas de seguran\u00e7a e preven\u00e7\u00e3o \u00e0 pandemia do novo Coronav\u00edrus. Dentre as normas estabelecidas no protocolo, a C\u00e2mara determina que ser\u00e1 obrigat\u00f3rio o uso de m\u00e1scara, bem como a disponibilidade de \u00e1lcool em gel, al\u00e9m do distanciamento de pelo menos um metro e meio entre as pessoas presentes no local. Al\u00e9m disso, todos passar\u00e3o pela medi\u00e7\u00e3o de temperatura, uma vez que a C\u00e2mara adquiriu term\u00f4metros digitais. A C\u00e2mara tamb\u00e9m adquiriu term\u00f4metros digitais para realizar medi\u00e7\u00e3o de temperatura.<\/p>\n<p>Quanto \u00e0s Reuni\u00f5es Ordin\u00e1rias, elas voltar\u00e3o a ser realizadas no Plen\u00e1rio, tamb\u00e9m nesta segunda-feira, a partir das 17h30. Segundo a diretora legislativa Maria Aparecida Fontes Cal, as reuni\u00f5es continuar\u00e3o sendo realizadas sem a presen\u00e7a da popula\u00e7\u00e3o:<\/p>\n<p>\u201cEstar\u00e3o presentes os vereadores e os servidores que auxiliam no trabalho do Plen\u00e1rio. As audi\u00eancias p\u00fablicas ter\u00e3o a presen\u00e7a dos vereadores, enquanto a participa\u00e7\u00e3o dos convidados ser\u00e1 de forma remota\u201d, afirma.<\/p>\n<p>Foi determinado tamb\u00e9m a retomada de outros servi\u00e7os propostos pela C\u00e2mara. Dentre eles, ser\u00e1 feito o atendimento presencial dos servi\u00e7os do Centro de Aten\u00e7\u00e3o ao Cidad\u00e3o (CAC), que funcionar\u00e1 de 8h \u00e0s 17h, sendo que o hor\u00e1rio de funcionamento do setor de identidade \u00e9 de 8h \u00e0s 14h.<\/p>\n<p>Mesmo assim, a popula\u00e7\u00e3o ter\u00e1 acesso ao CAC por meio da plataforma online de solicita\u00e7\u00e3o de atendimento e pelo WhatsApp no n\u00famero (32) 99183-2653. O CAC oferece os servi\u00e7os de emiss\u00e3o e entrega de identidades, encaminhamento e entrega de certid\u00f5es, 2\u00aa via e verifica\u00e7\u00e3o cadastral de CPF, impress\u00e3o de antecedentes criminais e cria\u00e7\u00e3o e impress\u00e3o de curr\u00edculo.<\/p>\n<p>Al\u00e9m disso, h\u00e1 o Servi\u00e7o de Defesa do Consumidor (Sedecon), que receber\u00e1 atendimento presencial de 8h \u00e0s 12h e de 13h \u00e0s 17h, e pode ser procurado por meio do endere\u00e7o de e-mail sedecon.camarajf@gmail.com ou pelos telefones institucionais (32) 99183-0706, (32) 99183-0506 e 99183-2872. A orienta\u00e7\u00e3o \u00e9 para que os cidad\u00e3os procurem os canais virtuais do Sedecon antes do atendimento presencial.<\/p>\n","protected":false},"excerpt":{"rendered":"<p>A C\u00e2mara Municipal de Juiz de Fora, retoma nesta segunda-feira (17), as atividades presenciais de todos os setores. Al\u00e9m disso, os servidores do Legislativo retornar\u00e3o ao trabalho de forma gradual. A retomada das atividades presenciais seguir\u00e1 todas as medidas de seguran\u00e7a e preven\u00e7\u00e3o \u00e0 pandemia do novo Coronav\u00edrus. Dentre as normas estabelecidas no protocolo, a [&hellip;]<\/p>\n","protected":false},"author":96,"featured_media":166838,"comment_status":"closed","ping_status":"closed","sticky":false,"template":"","format":"standard","meta":{"footnotes":""},"categories":[253,436,440,439],"tags":[],"class_list":["post-166837","post","type-post","status-publish","format-standard","has-post-thumbnail","hentry","category-cidade","category-destaque-da-semana","category-destaques-do-dia","category-ultima-hora"],"_links":{"self":[{"href":"https:\/\/diarioregionaldigital.com.br\/index.php?rest_route=\/wp\/v2\/posts\/166837","targetHints":{"allow":["GET"]}}],"collection":[{"href":"https:\/\/diarioregionaldigital.com.br\/index.php?rest_route=\/wp\/v2\/posts"}],"about":[{"href":"https:\/\/diarioregionaldigital.com.br\/index.php?rest_route=\/wp\/v2\/types\/post"}],"author":[{"embeddable":true,"href":"https:\/\/diarioregionaldigital.com.br\/index.php?rest_route=\/wp\/v2\/users\/96"}],"replies":[{"embeddable":true,"href":"https:\/\/diarioregionaldigital.com.br\/index.php?rest_route=%2Fwp%2Fv2%2Fcomments&post=166837"}],"version-history":[{"count":0,"href":"https:\/\/diarioregionaldigital.com.br\/index.php?rest_route=\/wp\/v2\/posts\/166837\/revisions"}],"wp:featuredmedia":[{"embeddable":true,"href":"https:\/\/diarioregionaldigital.com.br\/index.php?rest_route=\/wp\/v2\/media\/166838"}],"wp:attachment":[{"href":"https:\/\/diarioregionaldigital.com.br\/index.php?rest_route=%2Fwp%2Fv2%2Fmedia&parent=166837"}],"wp:term":[{"taxonomy":"category","embeddable":true,"href":"https:\/\/diarioregionaldigital.com.br\/index.php?rest_route=%2Fwp%2Fv2%2Fcategories&post=166837"},{"taxonomy":"post_tag","embeddable":true,"href":"https:\/\/diarioregionaldigital.com.br\/index.php?rest_route=%2Fwp%2Fv2%2Ftags&post=166837"}],"curies":[{"name":"wp","href":"https:\/\/api.w.org\/{rel}","templated":true}]}}