{"id":166834,"date":"2020-08-14T10:20:27","date_gmt":"2020-08-14T13:20:27","guid":{"rendered":"https:\/\/diarioregionaldigital.com.br\/?p=166834"},"modified":"2020-08-14T10:20:27","modified_gmt":"2020-08-14T13:20:27","slug":"ans-obriga-planos-de-saude-a-incluirem-teste-sorologico-da-covid-19","status":"publish","type":"post","link":"https:\/\/diarioregionaldigital.com.br\/?p=166834","title":{"rendered":"ANS obriga planos de sa\u00fade a inclu\u00edrem teste sorol\u00f3gico da covid-19"},"content":{"rendered":"<p>&nbsp;<\/p>\n<p>A Ag\u00eancia Nacional de Sa\u00fade Suplementar (ANS) decidiu incorporar ao rol de procedimentos e eventos em sa\u00fade o teste sorol\u00f3gico para detectar a presen\u00e7a de anticorpos produzidos pelo organismo ap\u00f3s exposi\u00e7\u00e3o ao novo coronav\u00edrus (covid-19). A decis\u00e3o foi tomada pela diretoria colegiada da ag\u00eancia.<\/p>\n<p>A resolu\u00e7\u00e3o normativa passar\u00e1 a valer ap\u00f3s publica\u00e7\u00e3o no Di\u00e1rio Oficial da Uni\u00e3o. O procedimento incorporado \u00e9 a pesquisa de anticorpos IgG ou anticorpos totais, que passa a ser de cobertura obrigat\u00f3ria para os benefici\u00e1rios de planos de sa\u00fade a partir do oitavo dia do in\u00edcio dos sintomas, nas segmenta\u00e7\u00f5es ambulatorial, hospitalar e refer\u00eancia, conforme solicita\u00e7\u00e3o do m\u00e9dico.<\/p>\n<p>Por\u00e9m, para se justificar o pedido, \u00e9 necess\u00e1rio preencher alguns crit\u00e9rios obrigat\u00f3rios, ao mesmo tempo em que n\u00e3o poder\u00e1 se encaixar em outros crit\u00e9rios excludentes.<\/p>\n<p>Segundo a ANS, poder\u00e3o realizar o teste sorol\u00f3gico pacientes com S\u00edndrome Gripal (SG) ou S\u00edndrome Respirat\u00f3ria Aguda Grave (SRAG) a partir do oitavo dia do in\u00edcio dos sintomas, al\u00e9m de crian\u00e7as ou adolescentes com quadro suspeito de S\u00edndrome Multissist\u00eamica Inflamat\u00f3ria p\u00f3s-infec\u00e7\u00e3o pelo coronav\u00edrus.<\/p>\n<p>Por outro lado, estar\u00e3o exclu\u00eddos da realiza\u00e7\u00e3o obrigat\u00f3ria do exame pacientes que j\u00e1 tenham RT-PCR pr\u00e9vio positivo para coronav\u00edrus; pacientes que j\u00e1 tenham realizado o teste sorol\u00f3gico, com resultado positivo; pacientes que tenham realizado o teste sorol\u00f3gico, com resultado negativo, h\u00e1 menos de 1 semana, exceto para crian\u00e7as e adolescentes com quadro suspeito.<\/p>\n<p>Tamb\u00e9m estar\u00e3o exclu\u00eddos a realiza\u00e7\u00e3o de testes r\u00e1pidos; pacientes cuja prescri\u00e7\u00e3o tem finalidade de rastreamento, retorno ao trabalho, pr\u00e9-operat\u00f3rio, controle de cura ou contato pr\u00f3ximo\/domiciliar com caso confirmado, e verifica\u00e7\u00e3o de imunidade p\u00f3s-vacinal.<\/p>\n<p>Segundo a ANS, as defini\u00e7\u00f5es para S\u00edndrome Gripal e S\u00edndrome Respirat\u00f3ria Aguda Grave s\u00e3o as seguintes:<\/p>\n<p>S\u00edndrome Gripal (SG): Indiv\u00edduo com quadro respirat\u00f3rio agudo, caracterizado por pelo menos dois (2) dos seguintes sinais e sintomas: febre (mesmo que referida), calafrios, dor de garganta, dor de cabe\u00e7a, tosse, coriza, dist\u00farbios olfativos ou dist\u00farbios gustativos. Em crian\u00e7as: al\u00e9m dos itens anteriores considera-se tamb\u00e9m obstru\u00e7\u00e3o nasal, na aus\u00eancia de outro diagn\u00f3stico espec\u00edfico. Em idosos: deve-se considerar tamb\u00e9m crit\u00e9rios espec\u00edficos de agravamento como sincope, confus\u00e3o mental, sonol\u00eancia excessiva, irritabilidade e inapet\u00eancia.<\/p>\n<p>S\u00edndrome Respirat\u00f3ria Aguda Grave (SRAG): Indiv\u00edduo com SG que apresente: dispneia\/desconforto respirat\u00f3rio OU press\u00e3o persistente no t\u00f3rax OU satura\u00e7\u00e3o de O2 menor que 95% em ar ambiente OU colora\u00e7\u00e3o azulada dos l\u00e1bios ou rosto. Em crian\u00e7as: al\u00e9m dos itens anteriores, observar os batimentos de asa de nariz, cianose, tiragem intercostal, desidrata\u00e7\u00e3o e inapet\u00eancia.<\/p>\n<p><strong>Fonte:<\/strong> Ag\u00eancia Brasil<\/p>\n","protected":false},"excerpt":{"rendered":"<p>&nbsp; A Ag\u00eancia Nacional de Sa\u00fade Suplementar (ANS) decidiu incorporar ao rol de procedimentos e eventos em sa\u00fade o teste sorol\u00f3gico para detectar a presen\u00e7a de anticorpos produzidos pelo organismo ap\u00f3s exposi\u00e7\u00e3o ao novo coronav\u00edrus (covid-19). A decis\u00e3o foi tomada pela diretoria colegiada da ag\u00eancia. A resolu\u00e7\u00e3o normativa passar\u00e1 a valer ap\u00f3s publica\u00e7\u00e3o no Di\u00e1rio [&hellip;]<\/p>\n","protected":false},"author":96,"featured_media":166835,"comment_status":"closed","ping_status":"closed","sticky":false,"template":"","format":"standard","meta":{"footnotes":""},"categories":[302,436,440,439],"tags":[],"class_list":["post-166834","post","type-post","status-publish","format-standard","has-post-thumbnail","hentry","category-brasil-mundo","category-destaque-da-semana","category-destaques-do-dia","category-ultima-hora"],"_links":{"self":[{"href":"https:\/\/diarioregionaldigital.com.br\/index.php?rest_route=\/wp\/v2\/posts\/166834","targetHints":{"allow":["GET"]}}],"collection":[{"href":"https:\/\/diarioregionaldigital.com.br\/index.php?rest_route=\/wp\/v2\/posts"}],"about":[{"href":"https:\/\/diarioregionaldigital.com.br\/index.php?rest_route=\/wp\/v2\/types\/post"}],"author":[{"embeddable":true,"href":"https:\/\/diarioregionaldigital.com.br\/index.php?rest_route=\/wp\/v2\/users\/96"}],"replies":[{"embeddable":true,"href":"https:\/\/diarioregionaldigital.com.br\/index.php?rest_route=%2Fwp%2Fv2%2Fcomments&post=166834"}],"version-history":[{"count":0,"href":"https:\/\/diarioregionaldigital.com.br\/index.php?rest_route=\/wp\/v2\/posts\/166834\/revisions"}],"wp:featuredmedia":[{"embeddable":true,"href":"https:\/\/diarioregionaldigital.com.br\/index.php?rest_route=\/wp\/v2\/media\/166835"}],"wp:attachment":[{"href":"https:\/\/diarioregionaldigital.com.br\/index.php?rest_route=%2Fwp%2Fv2%2Fmedia&parent=166834"}],"wp:term":[{"taxonomy":"category","embeddable":true,"href":"https:\/\/diarioregionaldigital.com.br\/index.php?rest_route=%2Fwp%2Fv2%2Fcategories&post=166834"},{"taxonomy":"post_tag","embeddable":true,"href":"https:\/\/diarioregionaldigital.com.br\/index.php?rest_route=%2Fwp%2Fv2%2Ftags&post=166834"}],"curies":[{"name":"wp","href":"https:\/\/api.w.org\/{rel}","templated":true}]}}