{"id":166828,"date":"2020-08-14T10:16:48","date_gmt":"2020-08-14T13:16:48","guid":{"rendered":"https:\/\/diarioregionaldigital.com.br\/?p=166828"},"modified":"2020-08-14T10:16:48","modified_gmt":"2020-08-14T13:16:48","slug":"banco-central-nao-preve-segunda-onda-de-covid-19-no-pais-diz-diretor","status":"publish","type":"post","link":"https:\/\/diarioregionaldigital.com.br\/?p=166828","title":{"rendered":"Banco Central n\u00e3o prev\u00ea segunda onda de covid-19 no pa\u00eds, diz diretor"},"content":{"rendered":"<p>O Banco Central n\u00e3o espera a ocorr\u00eancia de uma &#8220;segunda onda&#8221; da pandemia do novo coronav\u00edrus no pa\u00eds, disse o diretor de Pol\u00edtica Econ\u00f4mica do Banco Central, Fabio Kanczuk, em semin\u00e1rio virtual promovido pela Associa\u00e7\u00e3o de Bancos no Estado do Rio de Janeiro (Aberj).<\/p>\n<p>\u201cEm nosso cen\u00e1rio b\u00e1sico n\u00e3o h\u00e1 uma segunda onda do v\u00edrus, que \u00e9 a grande amea\u00e7a atual nos pa\u00edses desenvolvidos. Quando parecia que a pandemia j\u00e1 tinha acabado, veio a reabertura e as medidas de isolamento voltaram. Esse \u00e9 o grande assunto hoje nos Estados Unidos e na Europa. O nosso cen\u00e1rio, aqui, \u00e9 de que as coisas voltem sem uma nova onda.\u201d<\/p>\n<p>Para Kanczuk, apesar dessa perspectiva, a institui\u00e7\u00e3o analisa cen\u00e1rios alternativos, baseado no que vem ocorrendo em outros pa\u00edses. O diretor disse que se houver uma segunda onda, ser\u00e3o tomadas outras medidas com rela\u00e7\u00e3o \u00e0 economia, como uma nova expans\u00e3o de cr\u00e9dito.<\/p>\n<p>\u201cNosso papel \u00e9 atuar. A gente tem certeza de que, dependendo do caminho, se acontecer uma segunda onda, vamos com tudo de novo. Estamos prontos para atuar mais uma vez e fazer medidas de expans\u00e3o de cr\u00e9dito novo. Mas \u00e9 um pouco mais reativo do que pr\u00f3 ativo. Esse \u00e9 o nosso papel. \u00c9 assim que a gente v\u00ea a nossa atua\u00e7\u00e3o&#8221;, disse ele.<\/p>\n<p><strong>Retomada<\/strong><\/p>\n<p>Sobre a recupera\u00e7\u00e3o da economia, Kanczuk afirmou que existem v\u00e1rias indica\u00e7\u00f5es, podendo se dar no formato de V (swoosh), em que ap\u00f3s uma queda profunda come\u00e7a a recupera\u00e7\u00e3o no mesmo ritmo em que caiu. H\u00e1 tamb\u00e9m a representa\u00e7\u00e3o em U, quando a volta n\u00e3o \u00e9 t\u00e3o r\u00e1pida e ainda em W, em que s\u00e3o duas quedas com duas retomadas.<\/p>\n<p>O diretor destacou que, em crises econ\u00f4micas, o sistema banc\u00e1rio precisa dar respostas e se refazer, como nos Estados Unidos, mas disse que aqui a situa\u00e7\u00e3o pode ser diferente nesse sentido, porque o sistema banc\u00e1rio brasileiro \u00e9 s\u00f3lido e respondeu bem nas crises econ\u00f4micas de 2008 e 2009.<\/p>\n<p>\u201cNos Estados Unidos, o sistema banc\u00e1rio vai ter que se refazer, n\u00e3o vai ser algo r\u00e1pido, l\u00e1 tem todo um estudo de como crises financeiras mais se parecem com um U do que um V\u201d, disse.<\/p>\n<p>No caso do Brasil, o diretor acredita que a economia pode voltar em uma velocidade do U. Ele afastou a possibilidade de ser como um V, com a recupera\u00e7\u00e3o mais r\u00e1pida, porque h\u00e1 setores que n\u00e3o conseguem retomar, devido ao isolamento social. Na falta de uma letra, aparece o s\u00edmbolo usado pelos economistas, o <em>swoosh.<\/em> \u201cParece o s\u00edmbolo da Nike, mas \u00e9 um pouco diferente. \u00c9 alguma coisa assim. Volta, n\u00e3o \u00e9 um U, mas come\u00e7a a perder um pouco de for\u00e7a, porque alguns setores n\u00e3o conseguem voltar.\u201d<\/p>\n<p><strong>Varejo e ind\u00fastria<\/strong><\/p>\n<p>Neste per\u00edodo de pandemia, segundo Kanczuk, as compras pela internet e o movimento dos que receberam renda de programas do governo favoreceram setores do varejo e da ind\u00fastria. Mas outros setores n\u00e3o conseguiram dar resposta r\u00e1pida, como os de servi\u00e7os prestados a fam\u00edlias, de cabeleireiro e limpeza, por exemplo. \u201cEsses n\u00e3o retornam com a mesma for\u00e7a e ficam meio em fun\u00e7\u00e3o da pandemia, de quando isso vai se encerrar\u201d.<\/p>\n<p>Para Kanczuk, dados como o da Pesquisa Mensal de Servi\u00e7os (PMS), divulgada nesta quinta-feira pelo Instituto Brasileiro de Geografia e Estat\u00edstica (IBGE), t\u00eam mostrado isso.\u00a0 \u201cN\u00e3o teve surpresa nenhuma. Foi mais ou menos o que todo mundo esperava\u201d.<\/p>\n<p><strong>Autonomia<\/strong><\/p>\n<p>Em sua apresenta\u00e7\u00e3o, o diretor disse que a autonomia do Banco Central atrai mais os investidores externos que conhecem pouco o Brasil. \u201cA minha impress\u00e3o \u00e9 de que o brasileiro n\u00e3o v\u00ea diferen\u00e7a, mas um cara que conhece bem menos de Brasil, e quer saber onde vai colocar o dinheiro, olha o pa\u00eds e v\u00ea que tem banco central independente, que \u00e9 uma coisa de institui\u00e7\u00e3o correta\u201d, afirmou.<\/p>\n<p>Ele disse ainda que a Aberj se apresenta como a antiga entidade de classe representante do sistema financeiro, fundada pelos banco, e que o principal objetivo \u00e9 o aprimoramento t\u00e9cnico. \u201cResponsabilidade que margeia sua personalidade socioecon\u00f4mica, pol\u00edtica e cultural.\u201d<\/p>\n<p><strong>Fonte:\u00a0<\/strong>Ag\u00eancia Brasil<\/p>\n","protected":false},"excerpt":{"rendered":"<p>O Banco Central n\u00e3o espera a ocorr\u00eancia de uma &#8220;segunda onda&#8221; da pandemia do novo coronav\u00edrus no pa\u00eds, disse o diretor de Pol\u00edtica Econ\u00f4mica do Banco Central, Fabio Kanczuk, em semin\u00e1rio virtual promovido pela Associa\u00e7\u00e3o de Bancos no Estado do Rio de Janeiro (Aberj). \u201cEm nosso cen\u00e1rio b\u00e1sico n\u00e3o h\u00e1 uma segunda onda do v\u00edrus, [&hellip;]<\/p>\n","protected":false},"author":96,"featured_media":166829,"comment_status":"closed","ping_status":"closed","sticky":false,"template":"","format":"standard","meta":{"footnotes":""},"categories":[436,261,439],"tags":[],"class_list":["post-166828","post","type-post","status-publish","format-standard","has-post-thumbnail","hentry","category-destaque-da-semana","category-economia","category-ultima-hora"],"_links":{"self":[{"href":"https:\/\/diarioregionaldigital.com.br\/index.php?rest_route=\/wp\/v2\/posts\/166828","targetHints":{"allow":["GET"]}}],"collection":[{"href":"https:\/\/diarioregionaldigital.com.br\/index.php?rest_route=\/wp\/v2\/posts"}],"about":[{"href":"https:\/\/diarioregionaldigital.com.br\/index.php?rest_route=\/wp\/v2\/types\/post"}],"author":[{"embeddable":true,"href":"https:\/\/diarioregionaldigital.com.br\/index.php?rest_route=\/wp\/v2\/users\/96"}],"replies":[{"embeddable":true,"href":"https:\/\/diarioregionaldigital.com.br\/index.php?rest_route=%2Fwp%2Fv2%2Fcomments&post=166828"}],"version-history":[{"count":0,"href":"https:\/\/diarioregionaldigital.com.br\/index.php?rest_route=\/wp\/v2\/posts\/166828\/revisions"}],"wp:featuredmedia":[{"embeddable":true,"href":"https:\/\/diarioregionaldigital.com.br\/index.php?rest_route=\/wp\/v2\/media\/166829"}],"wp:attachment":[{"href":"https:\/\/diarioregionaldigital.com.br\/index.php?rest_route=%2Fwp%2Fv2%2Fmedia&parent=166828"}],"wp:term":[{"taxonomy":"category","embeddable":true,"href":"https:\/\/diarioregionaldigital.com.br\/index.php?rest_route=%2Fwp%2Fv2%2Fcategories&post=166828"},{"taxonomy":"post_tag","embeddable":true,"href":"https:\/\/diarioregionaldigital.com.br\/index.php?rest_route=%2Fwp%2Fv2%2Ftags&post=166828"}],"curies":[{"name":"wp","href":"https:\/\/api.w.org\/{rel}","templated":true}]}}