{"id":166825,"date":"2020-08-14T10:15:19","date_gmt":"2020-08-14T13:15:19","guid":{"rendered":"https:\/\/diarioregionaldigital.com.br\/?p=166825"},"modified":"2020-08-14T10:15:19","modified_gmt":"2020-08-14T13:15:19","slug":"minas-alcanca-safra-recorde-de-graos","status":"publish","type":"post","link":"https:\/\/diarioregionaldigital.com.br\/?p=166825","title":{"rendered":"Minas alcan\u00e7a safra recorde de gr\u00e3os"},"content":{"rendered":"<p>A safra recorde de gr\u00e3os para Minas Gerais foi confirmada com o 11\u00ba levantamento da Companhia Nacional de Abastecimento (Conab), para o per\u00edodo 2019\/2020, numa s\u00e9rie de 12. O volume colhido de 15,1 milh\u00f5es de toneladas equivale a um aumento de 6,4% em rela\u00e7\u00e3o \u00e0 safra passada, incremento de 0,6% na \u00e1rea plantada e um ganho de 5,8% na produtividade.<\/p>\n<p>No estado, o destaque \u00e9 para o milho e a soja que, juntos, representam 89% da produ\u00e7\u00e3o mineira de gr\u00e3os. Os maiores incrementos foram soja (+18,0%), amendoim (+16,7%), sorgo (7,4%) e feij\u00e3o total (2,9%). No caso espec\u00edfico do amendoim, a produ\u00e7\u00e3o de 4,9 mil toneladas representou um aumento de 16,7% em compara\u00e7\u00e3o \u00e0 safra 2018\/2019. O principal motivo foi a expectativa de bons pre\u00e7os no per\u00edodo do plantio que resultou na amplia\u00e7\u00e3o da \u00e1rea plantada em cerca de 30%.<\/p>\n<p>Para a safra de feij\u00e3o total (1\u00aa, 2\u00aa e 3\u00aa safras), o crescimento foi de 2,9%, alcan\u00e7ando 558,1 mil toneladas. O aumento ocorre mesmo diante de uma redu\u00e7\u00e3o da \u00e1rea de plantio em -5,1%, compensada pelo ganho de produtividade de 8,4%. As boas condi\u00e7\u00f5es clim\u00e1ticas registradas na maior parte das regi\u00f5es produtoras tamb\u00e9m impulsionaram o rendimento m\u00e9dio da cultura, favorecendo o resultado positivo para o cultivo do feij\u00e3o na primeira safra que resultou em um crescimento expressivo de 22,6%.<\/p>\n<p><strong>Investimentos<\/strong><\/p>\n<p>Superintendente de Inova\u00e7\u00e3o e Economia Agropecu\u00e1ria da Secretaria de Estado de Agricultura, Pecu\u00e1ria e Abastecimento (Seapa), Carlos Eduardo Oliveira Bovo, explica que os dados, al\u00e9m de confirmarem a expectativa, comprovam que todo o investimento em tecnologia e pesquisa tem se revertido em ganhos de produtividade, mesmo sem um aumento expressivo das \u00e1reas de plantio.<\/p>\n<p>\u201cNesse momento de pandemia, tamb\u00e9m \u00e9 importante destacar que o setor agropecu\u00e1rio continua se mantendo forte para a retomada da economia. Acredito que a agropecu\u00e1ria ser\u00e1 um dos carros-chefe para tirar o pa\u00eds dessa crise econ\u00f4mica que estamos vivendo, tanto na gera\u00e7\u00e3o de divisas para o estado quanto na gera\u00e7\u00e3o de emprego\u201d, analisa Bovo.<\/p>\n<p>O superintendente destaca, ainda, o aumento na aplica\u00e7\u00e3o de cr\u00e9dito rural no estado. E ressalta que os produtores mineiros v\u00eam buscando recursos e utilizando as pol\u00edticas de cr\u00e9dito rural para o aumento da produ\u00e7\u00e3o e produtividade. \u201cIsso fica muito claro no otimismo dos produtores em buscar novas tecnologias e recurso de cr\u00e9dito rural para investir no setor agropecu\u00e1rio do estado. Se o clima ajudar, as previs\u00f5es para as pr\u00f3ximas safras s\u00e3o de novos recordes para o setor\u201d, conclui.<\/p>\n<p><strong>Soja e sorgo<\/strong><\/p>\n<p>A colheita de soja foi finalizada com expectativa de safra recorde de quase 6 mil toneladas, crescimento de 18% em rela\u00e7\u00e3o \u00e0 safra anterior, e ganho de 12,8% na produtividade, estimada agora em 3.634 kg\/ha. Al\u00e9m disso, os pre\u00e7os internos est\u00e3o aquecidos devido \u00e0 alta do d\u00f3lar, estimulando a exporta\u00e7\u00e3o. No caso do sorgo, a produ\u00e7\u00e3o deve chegar a 783,3 mil toneladas, crescimento de 7,4% em rela\u00e7\u00e3o \u00e0 safra 2018\/2019.<\/p>\n<p><strong>Fonte:\u00a0<\/strong>Ag\u00eancia Minas<\/p>\n","protected":false},"excerpt":{"rendered":"<p>A safra recorde de gr\u00e3os para Minas Gerais foi confirmada com o 11\u00ba levantamento da Companhia Nacional de Abastecimento (Conab), para o per\u00edodo 2019\/2020, numa s\u00e9rie de 12. O volume colhido de 15,1 milh\u00f5es de toneladas equivale a um aumento de 6,4% em rela\u00e7\u00e3o \u00e0 safra passada, incremento de 0,6% na \u00e1rea plantada e um [&hellip;]<\/p>\n","protected":false},"author":96,"featured_media":166826,"comment_status":"closed","ping_status":"closed","sticky":false,"template":"","format":"standard","meta":{"footnotes":""},"categories":[436,261,439],"tags":[],"class_list":["post-166825","post","type-post","status-publish","format-standard","has-post-thumbnail","hentry","category-destaque-da-semana","category-economia","category-ultima-hora"],"_links":{"self":[{"href":"https:\/\/diarioregionaldigital.com.br\/index.php?rest_route=\/wp\/v2\/posts\/166825","targetHints":{"allow":["GET"]}}],"collection":[{"href":"https:\/\/diarioregionaldigital.com.br\/index.php?rest_route=\/wp\/v2\/posts"}],"about":[{"href":"https:\/\/diarioregionaldigital.com.br\/index.php?rest_route=\/wp\/v2\/types\/post"}],"author":[{"embeddable":true,"href":"https:\/\/diarioregionaldigital.com.br\/index.php?rest_route=\/wp\/v2\/users\/96"}],"replies":[{"embeddable":true,"href":"https:\/\/diarioregionaldigital.com.br\/index.php?rest_route=%2Fwp%2Fv2%2Fcomments&post=166825"}],"version-history":[{"count":0,"href":"https:\/\/diarioregionaldigital.com.br\/index.php?rest_route=\/wp\/v2\/posts\/166825\/revisions"}],"wp:featuredmedia":[{"embeddable":true,"href":"https:\/\/diarioregionaldigital.com.br\/index.php?rest_route=\/wp\/v2\/media\/166826"}],"wp:attachment":[{"href":"https:\/\/diarioregionaldigital.com.br\/index.php?rest_route=%2Fwp%2Fv2%2Fmedia&parent=166825"}],"wp:term":[{"taxonomy":"category","embeddable":true,"href":"https:\/\/diarioregionaldigital.com.br\/index.php?rest_route=%2Fwp%2Fv2%2Fcategories&post=166825"},{"taxonomy":"post_tag","embeddable":true,"href":"https:\/\/diarioregionaldigital.com.br\/index.php?rest_route=%2Fwp%2Fv2%2Ftags&post=166825"}],"curies":[{"name":"wp","href":"https:\/\/api.w.org\/{rel}","templated":true}]}}