{"id":166819,"date":"2020-08-14T06:00:37","date_gmt":"2020-08-14T09:00:37","guid":{"rendered":"https:\/\/diarioregionaldigital.com.br\/?p=166819"},"modified":"2020-08-14T02:30:17","modified_gmt":"2020-08-14T05:30:17","slug":"prefeitura-municipal-de-tocantins-2o-processo-no090-14-08-2020","status":"publish","type":"post","link":"https:\/\/diarioregionaldigital.com.br\/?p=166819","title":{"rendered":"Prefeitura Municipal de Tocantins 2\u00ba &#8211; Processo n\u00ba090 &#8211; 14\/08\/2020"},"content":{"rendered":"<p style=\"text-align: center;\"><strong>PREFEITURA MUNICIPAL DE TOCANTINS\/MG<\/strong><\/p>\n<p style=\"text-align: center;\"><strong>EXTRATO PARA PUBLICA\u00c7\u00c3O DO 2\u00b0 ADITIVO DE PRORROGA\u00c7\u00c3O DO CONTRATO N\u00b0184\/2019<\/strong><\/p>\n<p style=\"text-align: center;\"><strong>PROCESSO N\u00b0090\/2019<\/strong><\/p>\n<p style=\"text-align: center;\"><strong>TOMADA DE PRE\u00c7O N\u00b0004\/2019<\/strong><\/p>\n<p>CONTRATANTE: PREFEITURA MUNICIPAL DE TOCANTINS\/MG, CNPJ 018.128.223\/0001-02, CONTRATADO: WORKSERVICE EIRELI, CNPJ.11.368.044\/0001-95. OBJETO:PRORROGA O CONTRATO DE PRESTA\u00c7\u00c3O DE SERVI\u00c7O DE EXECU\u00c7\u00c3O DE RECAPEAMENTO ASF\u00c1LTICO DE VIAS DENTRO DO MUNIC\u00cdPIO DE TOCANTINS\/MG POR 05 (CINCO) MESES, COM VIG\u00caNCIA INICIAL 17\/07\/2020 A VIG\u00caNCIA FINAL 31\/12\/2020, TENDO COMO VALOR GLOBAL R$232.073,20 (DUZENTOS E TRINTA E DOIS MIL SETENTA E TR\u00caS REAIS E VINTE CENTAVOS), COM FUNDAMENTO NO ARTIGO 57, INCISO II, DA LEI DE LICITA\u00c7\u00d5ES DE VIG\u00caNCIA LIMITADA A 60 (SESSENTA ) MESES.TOCANTINS\/MG 17 DE JULHO DE 2020.<\/p>\n<p style=\"text-align: center;\"><strong>Ieder Washington de Oliveira. Prefeito Municipal<\/strong><\/p>\n","protected":false},"excerpt":{"rendered":"<p>PREFEITURA MUNICIPAL DE TOCANTINS\/MG EXTRATO PARA PUBLICA\u00c7\u00c3O DO 2\u00b0 ADITIVO DE PRORROGA\u00c7\u00c3O DO CONTRATO N\u00b0184\/2019 PROCESSO N\u00b0090\/2019 TOMADA DE PRE\u00c7O N\u00b0004\/2019 CONTRATANTE: PREFEITURA MUNICIPAL DE TOCANTINS\/MG, CNPJ 018.128.223\/0001-02, CONTRATADO: WORKSERVICE EIRELI, CNPJ.11.368.044\/0001-95. OBJETO:PRORROGA O CONTRATO DE PRESTA\u00c7\u00c3O DE SERVI\u00c7O DE EXECU\u00c7\u00c3O DE RECAPEAMENTO ASF\u00c1LTICO DE VIAS DENTRO DO MUNIC\u00cdPIO DE TOCANTINS\/MG POR 05 (CINCO) MESES, [&hellip;]<\/p>\n","protected":false},"author":96,"featured_media":0,"comment_status":"closed","ping_status":"closed","sticky":false,"template":"","format":"standard","meta":{"footnotes":""},"categories":[307],"tags":[],"class_list":["post-166819","post","type-post","status-publish","format-standard","hentry","category-editais"],"_links":{"self":[{"href":"https:\/\/diarioregionaldigital.com.br\/index.php?rest_route=\/wp\/v2\/posts\/166819","targetHints":{"allow":["GET"]}}],"collection":[{"href":"https:\/\/diarioregionaldigital.com.br\/index.php?rest_route=\/wp\/v2\/posts"}],"about":[{"href":"https:\/\/diarioregionaldigital.com.br\/index.php?rest_route=\/wp\/v2\/types\/post"}],"author":[{"embeddable":true,"href":"https:\/\/diarioregionaldigital.com.br\/index.php?rest_route=\/wp\/v2\/users\/96"}],"replies":[{"embeddable":true,"href":"https:\/\/diarioregionaldigital.com.br\/index.php?rest_route=%2Fwp%2Fv2%2Fcomments&post=166819"}],"version-history":[{"count":0,"href":"https:\/\/diarioregionaldigital.com.br\/index.php?rest_route=\/wp\/v2\/posts\/166819\/revisions"}],"wp:attachment":[{"href":"https:\/\/diarioregionaldigital.com.br\/index.php?rest_route=%2Fwp%2Fv2%2Fmedia&parent=166819"}],"wp:term":[{"taxonomy":"category","embeddable":true,"href":"https:\/\/diarioregionaldigital.com.br\/index.php?rest_route=%2Fwp%2Fv2%2Fcategories&post=166819"},{"taxonomy":"post_tag","embeddable":true,"href":"https:\/\/diarioregionaldigital.com.br\/index.php?rest_route=%2Fwp%2Fv2%2Ftags&post=166819"}],"curies":[{"name":"wp","href":"https:\/\/api.w.org\/{rel}","templated":true}]}}