{"id":166808,"date":"2020-08-14T06:00:09","date_gmt":"2020-08-14T09:00:09","guid":{"rendered":"https:\/\/diarioregionaldigital.com.br\/?p=166808"},"modified":"2020-08-14T02:15:12","modified_gmt":"2020-08-14T05:15:12","slug":"aumenta-o-som","status":"publish","type":"post","link":"https:\/\/diarioregionaldigital.com.br\/?p=166808","title":{"rendered":"Aumenta o Som"},"content":{"rendered":"<p style=\"text-align: center;\"><strong>Moda<\/strong><\/p>\n<p style=\"text-align: center;\">A moda atualmente perdeu seu lugar no interesse popular. A internacional est\u00e1 em fase de redescobrimento tentando encontrar novos horizontes para o feminino. No Brasil a ind\u00fastria infelizmente se perdeu. Por meio dos influenciadores foi nivelada por baixo, sem desejo, regra, eleg\u00e2ncia ou cria\u00e7\u00e3o. Um verdadeiro ex\u00e9rcito de looks de gosto duvidoso.<\/p>\n<p style=\"text-align: center;\"><strong>Igualdade<\/strong><\/p>\n<p style=\"text-align: center;\">Din\u00e2mica e atuante, a vice-presidente da Concentra no Brasil, Claudia Gimenez afirmou que n\u00e3o h\u00e1 d\u00favida de que a multinacional de tecnologia ganha por ter 56% de mulheres entre sete mil empregados. Em momento delicado, a ascens\u00e3o das mulheres no mercado de trabalho \u00e9 boa para os neg\u00f3cios, a economia do pa\u00eds e a sociedade. Em s\u00edntese, melhora a distribui\u00e7\u00e3o de renda e provoca a redu\u00e7\u00e3o das desigualdades.<\/p>\n<p style=\"text-align: center;\"><strong>Musicalizando<\/strong><\/p>\n<p style=\"text-align: center;\">Sucesso em todos as plataformas digitais a m\u00fasica \u201cQueria morar num boteco\u201d do cantor e compositor Roger Resende, foi regravada pela cantora Joyce C\u00e2ndido e pelo cantor portugu\u00eas Ant\u00f4nio Zambujo.<\/p>\n<p style=\"text-align: center;\"><span style=\"font-size: 14pt;\"><strong>Aumenta o Som<\/strong><\/span><\/p>\n<p style=\"text-align: center;\">Projeto de lei que imp\u00f5e limites \u00e0 arrecada\u00e7\u00e3o de direitos autorais e int\u00e9rpretes de m\u00fasicas recebeu alguns adendos. Al\u00e9m da isen\u00e7\u00e3o da cobran\u00e7as em quartos de hot\u00e9is e de navios de cruzeiro, que \u00e9 sua motiva\u00e7\u00e3o original, o projeto agora inclui cultos ou eventos realizados por organiza\u00e7\u00f5es religiosas, pelas For\u00e7as Armadas, pela pol\u00edcias militares e pelos corpos de bombeiro. A ECAD vai marcar duro na fiscaliza\u00e7\u00e3o.<\/p>\n<div id=\"attachment_166805\" style=\"width: 690px\" class=\"wp-caption aligncenter\"><img loading=\"lazy\" decoding=\"async\" aria-describedby=\"caption-attachment-166805\" class=\"wp-image-166805\" src=\"https:\/\/diarioregionaldigital.com.br\/wp-content\/uploads\/2020\/08\/fotoa-6-e1597381116977.jpg\" alt=\"\" width=\"680\" height=\"481\" srcset=\"https:\/\/diarioregionaldigital.com.br\/wp-content\/uploads\/2020\/08\/fotoa-6-e1597381116977.jpg 1781w, https:\/\/diarioregionaldigital.com.br\/wp-content\/uploads\/2020\/08\/fotoa-6-e1597381116977-300x212.jpg 300w, https:\/\/diarioregionaldigital.com.br\/wp-content\/uploads\/2020\/08\/fotoa-6-e1597381116977-1024x724.jpg 1024w, https:\/\/diarioregionaldigital.com.br\/wp-content\/uploads\/2020\/08\/fotoa-6-e1597381116977-768x543.jpg 768w, https:\/\/diarioregionaldigital.com.br\/wp-content\/uploads\/2020\/08\/fotoa-6-e1597381116977-1536x1086.jpg 1536w, https:\/\/diarioregionaldigital.com.br\/wp-content\/uploads\/2020\/08\/fotoa-6-e1597381116977-750x530.jpg 750w, https:\/\/diarioregionaldigital.com.br\/wp-content\/uploads\/2020\/08\/fotoa-6-e1597381116977-360x254.jpg 360w, https:\/\/diarioregionaldigital.com.br\/wp-content\/uploads\/2020\/08\/fotoa-6-e1597381116977-100x70.jpg 100w\" sizes=\"auto, (max-width: 680px) 100vw, 680px\" \/><p id=\"caption-attachment-166805\" class=\"wp-caption-text\">Dois tempos preciosos para a comemora\u00e7\u00e3o dos aniversariantes da advogada Anna Ede e do economista Ricardo Augusto Gomes, no s\u00e1bado, 15 de agosto<\/p><\/div>\n<div id=\"attachment_166798\" style=\"width: 690px\" class=\"wp-caption aligncenter\"><img loading=\"lazy\" decoding=\"async\" aria-describedby=\"caption-attachment-166798\" class=\"wp-image-166798\" src=\"https:\/\/diarioregionaldigital.com.br\/wp-content\/uploads\/2020\/08\/fotob-6-e1597381428560.jpg\" alt=\"\" width=\"680\" height=\"549\" srcset=\"https:\/\/diarioregionaldigital.com.br\/wp-content\/uploads\/2020\/08\/fotob-6-e1597381428560.jpg 614w, https:\/\/diarioregionaldigital.com.br\/wp-content\/uploads\/2020\/08\/fotob-6-e1597381428560-300x242.jpg 300w, https:\/\/diarioregionaldigital.com.br\/wp-content\/uploads\/2020\/08\/fotob-6-e1597381428560-360x291.jpg 360w\" sizes=\"auto, (max-width: 680px) 100vw, 680px\" \/><p id=\"caption-attachment-166798\" class=\"wp-caption-text\">O charme de Paulo D\u2019Avila com \u00f3culos by \u00d3ticas Carol<\/p><\/div>\n<div id=\"attachment_166799\" style=\"width: 690px\" class=\"wp-caption aligncenter\"><img loading=\"lazy\" decoding=\"async\" aria-describedby=\"caption-attachment-166799\" class=\"wp-image-166799\" src=\"https:\/\/diarioregionaldigital.com.br\/wp-content\/uploads\/2020\/08\/fotoc-7-e1597381380421.jpg\" alt=\"\" width=\"680\" height=\"532\" srcset=\"https:\/\/diarioregionaldigital.com.br\/wp-content\/uploads\/2020\/08\/fotoc-7-e1597381380421.jpg 470w, https:\/\/diarioregionaldigital.com.br\/wp-content\/uploads\/2020\/08\/fotoc-7-e1597381380421-300x235.jpg 300w, https:\/\/diarioregionaldigital.com.br\/wp-content\/uploads\/2020\/08\/fotoc-7-e1597381380421-360x282.jpg 360w\" sizes=\"auto, (max-width: 680px) 100vw, 680px\" \/><p id=\"caption-attachment-166799\" class=\"wp-caption-text\">O perfil chique de Nayane Neto para by Candy<\/p><\/div>\n<div id=\"attachment_166800\" style=\"width: 690px\" class=\"wp-caption aligncenter\"><img loading=\"lazy\" decoding=\"async\" aria-describedby=\"caption-attachment-166800\" class=\"wp-image-166800\" src=\"https:\/\/diarioregionaldigital.com.br\/wp-content\/uploads\/2020\/08\/fotod-7-e1597381330125.jpg\" alt=\"\" width=\"680\" height=\"495\" srcset=\"https:\/\/diarioregionaldigital.com.br\/wp-content\/uploads\/2020\/08\/fotod-7-e1597381330125.jpg 1026w, https:\/\/diarioregionaldigital.com.br\/wp-content\/uploads\/2020\/08\/fotod-7-e1597381330125-300x218.jpg 300w, https:\/\/diarioregionaldigital.com.br\/wp-content\/uploads\/2020\/08\/fotod-7-e1597381330125-1024x746.jpg 1024w, https:\/\/diarioregionaldigital.com.br\/wp-content\/uploads\/2020\/08\/fotod-7-e1597381330125-768x559.jpg 768w, https:\/\/diarioregionaldigital.com.br\/wp-content\/uploads\/2020\/08\/fotod-7-e1597381330125-360x262.jpg 360w\" sizes=\"auto, (max-width: 680px) 100vw, 680px\" \/><p id=\"caption-attachment-166800\" class=\"wp-caption-text\">No Jardim Gl\u00f3ria em isolamento social, os lindos J\u00fanior Pires e Gabriel Delamare<\/p><\/div>\n<div id=\"attachment_166801\" style=\"width: 690px\" class=\"wp-caption aligncenter\"><img loading=\"lazy\" decoding=\"async\" aria-describedby=\"caption-attachment-166801\" class=\"wp-image-166801\" src=\"https:\/\/diarioregionaldigital.com.br\/wp-content\/uploads\/2020\/08\/fotoe-e1597381290114.jpeg\" alt=\"\" width=\"680\" height=\"426\" srcset=\"https:\/\/diarioregionaldigital.com.br\/wp-content\/uploads\/2020\/08\/fotoe-e1597381290114.jpeg 1148w, https:\/\/diarioregionaldigital.com.br\/wp-content\/uploads\/2020\/08\/fotoe-e1597381290114-300x188.jpeg 300w, https:\/\/diarioregionaldigital.com.br\/wp-content\/uploads\/2020\/08\/fotoe-e1597381290114-1024x642.jpeg 1024w, https:\/\/diarioregionaldigital.com.br\/wp-content\/uploads\/2020\/08\/fotoe-e1597381290114-768x482.jpeg 768w, https:\/\/diarioregionaldigital.com.br\/wp-content\/uploads\/2020\/08\/fotoe-e1597381290114-360x226.jpeg 360w\" sizes=\"auto, (max-width: 680px) 100vw, 680px\" \/><p id=\"caption-attachment-166801\" class=\"wp-caption-text\">Eduardo Gomes recebendo em seu Flat antes da pandemia, as lindas Erika Beire e Lidiane Stambassi<\/p><\/div>\n<div id=\"attachment_166804\" style=\"width: 690px\" class=\"wp-caption aligncenter\"><img loading=\"lazy\" decoding=\"async\" aria-describedby=\"caption-attachment-166804\" class=\"wp-image-166804\" src=\"https:\/\/diarioregionaldigital.com.br\/wp-content\/uploads\/2020\/08\/fotoh-2-e1597381157254.jpeg\" alt=\"\" width=\"680\" height=\"508\" srcset=\"https:\/\/diarioregionaldigital.com.br\/wp-content\/uploads\/2020\/08\/fotoh-2-e1597381157254.jpeg 714w, https:\/\/diarioregionaldigital.com.br\/wp-content\/uploads\/2020\/08\/fotoh-2-e1597381157254-300x224.jpeg 300w, https:\/\/diarioregionaldigital.com.br\/wp-content\/uploads\/2020\/08\/fotoh-2-e1597381157254-360x269.jpeg 360w\" sizes=\"auto, (max-width: 680px) 100vw, 680px\" \/><p id=\"caption-attachment-166804\" class=\"wp-caption-text\">Antes da pandemia fazendo social Fernanda Berion e o professor Marco Ant\u00f4nio (Macarr\u00e3o)<\/p><\/div>\n<div id=\"attachment_166802\" style=\"width: 690px\" class=\"wp-caption aligncenter\"><img loading=\"lazy\" decoding=\"async\" aria-describedby=\"caption-attachment-166802\" class=\"wp-image-166802\" src=\"https:\/\/diarioregionaldigital.com.br\/wp-content\/uploads\/2020\/08\/fotof-5-e1597381236632.jpg\" alt=\"\" width=\"680\" height=\"428\" srcset=\"https:\/\/diarioregionaldigital.com.br\/wp-content\/uploads\/2020\/08\/fotof-5-e1597381236632.jpg 806w, https:\/\/diarioregionaldigital.com.br\/wp-content\/uploads\/2020\/08\/fotof-5-e1597381236632-300x189.jpg 300w, https:\/\/diarioregionaldigital.com.br\/wp-content\/uploads\/2020\/08\/fotof-5-e1597381236632-768x483.jpg 768w, https:\/\/diarioregionaldigital.com.br\/wp-content\/uploads\/2020\/08\/fotof-5-e1597381236632-360x226.jpg 360w\" sizes=\"auto, (max-width: 680px) 100vw, 680px\" \/><p id=\"caption-attachment-166802\" class=\"wp-caption-text\">A querida cantora Rosemary em sua prestigiada live no YouTube<\/p><\/div>\n<div id=\"attachment_166803\" style=\"width: 690px\" class=\"wp-caption aligncenter\"><img loading=\"lazy\" decoding=\"async\" aria-describedby=\"caption-attachment-166803\" class=\"wp-image-166803\" src=\"https:\/\/diarioregionaldigital.com.br\/wp-content\/uploads\/2020\/08\/fotog-7-e1597381197141.jpg\" alt=\"\" width=\"680\" height=\"463\" srcset=\"https:\/\/diarioregionaldigital.com.br\/wp-content\/uploads\/2020\/08\/fotog-7-e1597381197141.jpg 892w, https:\/\/diarioregionaldigital.com.br\/wp-content\/uploads\/2020\/08\/fotog-7-e1597381197141-300x204.jpg 300w, https:\/\/diarioregionaldigital.com.br\/wp-content\/uploads\/2020\/08\/fotog-7-e1597381197141-768x523.jpg 768w, https:\/\/diarioregionaldigital.com.br\/wp-content\/uploads\/2020\/08\/fotog-7-e1597381197141-360x245.jpg 360w\" sizes=\"auto, (max-width: 680px) 100vw, 680px\" \/><p id=\"caption-attachment-166803\" class=\"wp-caption-text\">A elegante Mery Aguiar de Castro ladeando os amigos Pedro e Tininha<\/p><\/div>\n<p style=\"text-align: center;\"><strong>FOTOSS\u00cdNTESE<\/strong><\/p>\n<p>Correio Elegante: abra\u00e7os carinhosos para: Fl\u00e1via Braga, Camila Saenz, Angelina Nardy, Diley Almeida, Luis Duque, Fabiano Garcia, Orlando Caule, Bruno Viana, Cibele Cardoso Campos, Sheila Pacheco, L\u00e9o Miroudo e Cac\u00e1udio.<\/p>\n<p>Jovem e antenado, o Poeta Tay participou da s\u00e9rie de v\u00eddeos sobre os 30 anos do Estatuto da Crian\u00e7a e do Adolescente (ECA).<\/p>\n<p>Funcionando na rua Quintino Bocai\u00fava, n\u00ba 570, no Bairro Jardim Gl\u00f3ria, o Instituto Casa Viva \u2013 Ong n\u00e3o Governamental, \u00e9 mantida 100% com doa\u00e7\u00f5es de pessoas f\u00edsicas e jur\u00eddicas. Sua miss\u00e3o \u00e9 proporcionar uma melhor qualidade de vida aos portadores de c\u00e2ncer. Para ajudar o fone: 3213-9004.<\/p>\n<p>Dona cegonha aprontou de novo. Colocou na chamin\u00e9 de Ivy rocha e do odont\u00f3logo e ator juiz-forano Carlos Machado (Carl\u00e3o) o robusto filho Luca. Eles atualmente moram na Calif\u00f3rnia (USA).<\/p>\n<p>Causou impacto no Instagram o bate-papo de Ana Paula Calixto e Cris Guerra fundadora do primeiro blog de looks di\u00e1rios do Brasil. O tema \u201c50 crises\u201d, rendeu muitos elogios.<\/p>\n<p>Padre Pierre j\u00e1 iniciou as celebra\u00e7\u00f5es de S\u00e3o Miguel Arcanjo. Come\u00e7am no s\u00e1bado (15), com missa \u00e1s 23h e ora\u00e7\u00e3o a meia-noite, sempre virtualmente.<\/p>\n<p>Programado para agosto, o Fiemg distribuir\u00e1 1.500 ventiladores pulmonares. O Governo de Minas decidir\u00e1 quais as cidades receber\u00e3o os equipamentos. Torcida por Juiz de Fora.<\/p>\n<p>Presta Aten\u00e7\u00e3o: Por mais descrente que n\u00f3s possamos estar da democracia e da pol\u00edtica, em pleno cen\u00e1rio de polariza\u00e7\u00e3o, \u201cdeixar para l\u00e1\u201d n\u00e3o \u00e9 uma boa alternativa. Bom dia.<\/p>\n<p><img loading=\"lazy\" decoding=\"async\" class=\"aligncenter size-full wp-image-166809\" src=\"https:\/\/diarioregionaldigital.com.br\/wp-content\/uploads\/2020\/08\/anuncio31-scaled.jpg\" alt=\"\" width=\"2560\" height=\"976\" srcset=\"https:\/\/diarioregionaldigital.com.br\/wp-content\/uploads\/2020\/08\/anuncio31-scaled.jpg 2560w, https:\/\/diarioregionaldigital.com.br\/wp-content\/uploads\/2020\/08\/anuncio31-300x114.jpg 300w, https:\/\/diarioregionaldigital.com.br\/wp-content\/uploads\/2020\/08\/anuncio31-1024x390.jpg 1024w, https:\/\/diarioregionaldigital.com.br\/wp-content\/uploads\/2020\/08\/anuncio31-768x293.jpg 768w, https:\/\/diarioregionaldigital.com.br\/wp-content\/uploads\/2020\/08\/anuncio31-1536x586.jpg 1536w, https:\/\/diarioregionaldigital.com.br\/wp-content\/uploads\/2020\/08\/anuncio31-2048x781.jpg 2048w, https:\/\/diarioregionaldigital.com.br\/wp-content\/uploads\/2020\/08\/anuncio31-360x137.jpg 360w\" sizes=\"auto, (max-width: 2560px) 100vw, 2560px\" \/><\/p>\n<p>&nbsp;<\/p>\n","protected":false},"excerpt":{"rendered":"<p>Moda A moda atualmente perdeu seu lugar no interesse popular. A internacional est\u00e1 em fase de redescobrimento tentando encontrar novos horizontes para o feminino. No Brasil a ind\u00fastria infelizmente se perdeu. Por meio dos influenciadores foi nivelada por baixo, sem desejo, regra, eleg\u00e2ncia ou cria\u00e7\u00e3o. Um verdadeiro ex\u00e9rcito de looks de gosto duvidoso. Igualdade Din\u00e2mica [&hellip;]<\/p>\n","protected":false},"author":96,"featured_media":166805,"comment_status":"closed","ping_status":"closed","sticky":false,"template":"","format":"standard","meta":{"footnotes":""},"categories":[264],"tags":[],"class_list":["post-166808","post","type-post","status-publish","format-standard","has-post-thumbnail","hentry","category-eduardo-gomes"],"_links":{"self":[{"href":"https:\/\/diarioregionaldigital.com.br\/index.php?rest_route=\/wp\/v2\/posts\/166808","targetHints":{"allow":["GET"]}}],"collection":[{"href":"https:\/\/diarioregionaldigital.com.br\/index.php?rest_route=\/wp\/v2\/posts"}],"about":[{"href":"https:\/\/diarioregionaldigital.com.br\/index.php?rest_route=\/wp\/v2\/types\/post"}],"author":[{"embeddable":true,"href":"https:\/\/diarioregionaldigital.com.br\/index.php?rest_route=\/wp\/v2\/users\/96"}],"replies":[{"embeddable":true,"href":"https:\/\/diarioregionaldigital.com.br\/index.php?rest_route=%2Fwp%2Fv2%2Fcomments&post=166808"}],"version-history":[{"count":0,"href":"https:\/\/diarioregionaldigital.com.br\/index.php?rest_route=\/wp\/v2\/posts\/166808\/revisions"}],"wp:featuredmedia":[{"embeddable":true,"href":"https:\/\/diarioregionaldigital.com.br\/index.php?rest_route=\/wp\/v2\/media\/166805"}],"wp:attachment":[{"href":"https:\/\/diarioregionaldigital.com.br\/index.php?rest_route=%2Fwp%2Fv2%2Fmedia&parent=166808"}],"wp:term":[{"taxonomy":"category","embeddable":true,"href":"https:\/\/diarioregionaldigital.com.br\/index.php?rest_route=%2Fwp%2Fv2%2Fcategories&post=166808"},{"taxonomy":"post_tag","embeddable":true,"href":"https:\/\/diarioregionaldigital.com.br\/index.php?rest_route=%2Fwp%2Fv2%2Ftags&post=166808"}],"curies":[{"name":"wp","href":"https:\/\/api.w.org\/{rel}","templated":true}]}}