{"id":166795,"date":"2020-08-14T00:27:03","date_gmt":"2020-08-14T03:27:03","guid":{"rendered":"https:\/\/diarioregionaldigital.com.br\/?p=166795"},"modified":"2020-08-14T00:27:03","modified_gmt":"2020-08-14T03:27:03","slug":"pm-localiza-drogas-escondidas-no-bairro-de-lourdes","status":"publish","type":"post","link":"https:\/\/diarioregionaldigital.com.br\/?p=166795","title":{"rendered":"PM localiza drogas escondidas no Bairro de Lourdes"},"content":{"rendered":"<p>A Pol\u00edcia Militar (PM) realizava opera\u00e7\u00e3o na quinta-feira (13), no Bairro de Lourdes (Regi\u00e3o Sudeste) em Juiz de Fora, quando avistou um indiv\u00edduo escondido atr\u00e1s de um muro, observando a movimenta\u00e7\u00e3o policial. Logo em seguida, a guarni\u00e7\u00e3o foi realizar abordagem, entretanto o suspeito fugiu do local e n\u00e3o foi localizado. Dando prosseguimento \u00e0s dilig\u00eancias, foi feito acionamento da cadela farejadora e durante buscas em um terreno, foram encontradas <span style=\"font-weight: 400;\">29 por\u00e7\u00f5es prensadas e <\/span><span style=\"font-weight: 400;\">30 buchas de maconha, <\/span><span style=\"font-weight: 400;\">46 papelotes de coca\u00edna, uma<\/span><span style=\"font-weight: 400;\"> balan\u00e7a e um<\/span><span style=\"font-weight: 400;\"> chassi de motocicleta.<\/span><\/p>\n<p>&nbsp;<\/p>\n","protected":false},"excerpt":{"rendered":"<p>A Pol\u00edcia Militar (PM) realizava opera\u00e7\u00e3o na quinta-feira (13), no Bairro de Lourdes (Regi\u00e3o Sudeste) em Juiz de Fora, quando avistou um indiv\u00edduo escondido atr\u00e1s de um muro, observando a movimenta\u00e7\u00e3o policial. Logo em seguida, a guarni\u00e7\u00e3o foi realizar abordagem, entretanto o suspeito fugiu do local e n\u00e3o foi localizado. Dando prosseguimento \u00e0s dilig\u00eancias, foi [&hellip;]<\/p>\n","protected":false},"author":96,"featured_media":166796,"comment_status":"closed","ping_status":"closed","sticky":false,"template":"","format":"standard","meta":{"footnotes":""},"categories":[301,436,439],"tags":[],"class_list":["post-166795","post","type-post","status-publish","format-standard","has-post-thumbnail","hentry","category-artigos-policiais","category-destaque-da-semana","category-ultima-hora"],"_links":{"self":[{"href":"https:\/\/diarioregionaldigital.com.br\/index.php?rest_route=\/wp\/v2\/posts\/166795","targetHints":{"allow":["GET"]}}],"collection":[{"href":"https:\/\/diarioregionaldigital.com.br\/index.php?rest_route=\/wp\/v2\/posts"}],"about":[{"href":"https:\/\/diarioregionaldigital.com.br\/index.php?rest_route=\/wp\/v2\/types\/post"}],"author":[{"embeddable":true,"href":"https:\/\/diarioregionaldigital.com.br\/index.php?rest_route=\/wp\/v2\/users\/96"}],"replies":[{"embeddable":true,"href":"https:\/\/diarioregionaldigital.com.br\/index.php?rest_route=%2Fwp%2Fv2%2Fcomments&post=166795"}],"version-history":[{"count":0,"href":"https:\/\/diarioregionaldigital.com.br\/index.php?rest_route=\/wp\/v2\/posts\/166795\/revisions"}],"wp:featuredmedia":[{"embeddable":true,"href":"https:\/\/diarioregionaldigital.com.br\/index.php?rest_route=\/wp\/v2\/media\/166796"}],"wp:attachment":[{"href":"https:\/\/diarioregionaldigital.com.br\/index.php?rest_route=%2Fwp%2Fv2%2Fmedia&parent=166795"}],"wp:term":[{"taxonomy":"category","embeddable":true,"href":"https:\/\/diarioregionaldigital.com.br\/index.php?rest_route=%2Fwp%2Fv2%2Fcategories&post=166795"},{"taxonomy":"post_tag","embeddable":true,"href":"https:\/\/diarioregionaldigital.com.br\/index.php?rest_route=%2Fwp%2Fv2%2Ftags&post=166795"}],"curies":[{"name":"wp","href":"https:\/\/api.w.org\/{rel}","templated":true}]}}