{"id":166792,"date":"2020-08-14T00:20:48","date_gmt":"2020-08-14T03:20:48","guid":{"rendered":"https:\/\/diarioregionaldigital.com.br\/?p=166792"},"modified":"2020-08-14T00:20:48","modified_gmt":"2020-08-14T03:20:48","slug":"usuarios-da-ubs-santos-dumont-passam-a-ser-atendidos-pela-farmacia-oeste","status":"publish","type":"post","link":"https:\/\/diarioregionaldigital.com.br\/?p=166792","title":{"rendered":"Usu\u00e1rios da UBS Santos Dumont passam a ser atendidos pela Farm\u00e1cia Oeste"},"content":{"rendered":"<p>A dispensa\u00e7\u00e3o de medicamentos para aproximadamente dez mil moradores da \u00e1rea de cobertura da Unidade B\u00e1sica de Sa\u00fade (UBS) do Bairro Santos Dumont passa a ser feita, a partir desta segunda-feira, 17, pela Farm\u00e1cia Regional Oeste. A unidade, que funciona na entrada do campus da Universidade Federal de Juiz de Fora (UFJF), j\u00e1 atende moradores da abrang\u00eancia da UBS de S\u00e3o Pedro. A Prefeitura de Juiz de Fora (PJF) mant\u00e9m parceria com a institui\u00e7\u00e3o.<\/p>\n<p>O processo de transi\u00e7\u00e3o est\u00e1 em desenvolvimento h\u00e1 aproximadamente um m\u00eas. A supervisora da unidade de Santos Dumont, Silvana Aparecida de Castro, apontou v\u00e1rias vantagens. A farm\u00e1cia da UBS funciona das 13 \u00e0s 17 horas, enquanto a Oeste. no momento, em fun\u00e7\u00e3o da pandemia, atende das 7 \u00e0s 17h30. Quando da volta \u00e0s aulas presenciais na universidade, prevalecer\u00e1 o hor\u00e1rio antigo, estendido at\u00e9 as 19 horas.<\/p>\n<p>Al\u00e9m disso, a supervisora informou que a infraestrutura disponibilizada \u00e9 melhor, e a equipe da UFJF mais ampla, formada por farmac\u00eauticos, residentes e estagi\u00e1rios, o que possibilita atendimento individualizado. Esse diferencial beneficia a todos, em especial pessoas com dificuldade de entendimento da prescri\u00e7\u00e3o m\u00e9dica.<\/p>\n<p><strong>Fonte:<\/strong> Assessoria<\/p>\n","protected":false},"excerpt":{"rendered":"<p>A dispensa\u00e7\u00e3o de medicamentos para aproximadamente dez mil moradores da \u00e1rea de cobertura da Unidade B\u00e1sica de Sa\u00fade (UBS) do Bairro Santos Dumont passa a ser feita, a partir desta segunda-feira, 17, pela Farm\u00e1cia Regional Oeste. A unidade, que funciona na entrada do campus da Universidade Federal de Juiz de Fora (UFJF), j\u00e1 atende moradores [&hellip;]<\/p>\n","protected":false},"author":96,"featured_media":166793,"comment_status":"closed","ping_status":"closed","sticky":false,"template":"","format":"standard","meta":{"footnotes":""},"categories":[253,436,439],"tags":[],"class_list":["post-166792","post","type-post","status-publish","format-standard","has-post-thumbnail","hentry","category-cidade","category-destaque-da-semana","category-ultima-hora"],"_links":{"self":[{"href":"https:\/\/diarioregionaldigital.com.br\/index.php?rest_route=\/wp\/v2\/posts\/166792","targetHints":{"allow":["GET"]}}],"collection":[{"href":"https:\/\/diarioregionaldigital.com.br\/index.php?rest_route=\/wp\/v2\/posts"}],"about":[{"href":"https:\/\/diarioregionaldigital.com.br\/index.php?rest_route=\/wp\/v2\/types\/post"}],"author":[{"embeddable":true,"href":"https:\/\/diarioregionaldigital.com.br\/index.php?rest_route=\/wp\/v2\/users\/96"}],"replies":[{"embeddable":true,"href":"https:\/\/diarioregionaldigital.com.br\/index.php?rest_route=%2Fwp%2Fv2%2Fcomments&post=166792"}],"version-history":[{"count":0,"href":"https:\/\/diarioregionaldigital.com.br\/index.php?rest_route=\/wp\/v2\/posts\/166792\/revisions"}],"wp:featuredmedia":[{"embeddable":true,"href":"https:\/\/diarioregionaldigital.com.br\/index.php?rest_route=\/wp\/v2\/media\/166793"}],"wp:attachment":[{"href":"https:\/\/diarioregionaldigital.com.br\/index.php?rest_route=%2Fwp%2Fv2%2Fmedia&parent=166792"}],"wp:term":[{"taxonomy":"category","embeddable":true,"href":"https:\/\/diarioregionaldigital.com.br\/index.php?rest_route=%2Fwp%2Fv2%2Fcategories&post=166792"},{"taxonomy":"post_tag","embeddable":true,"href":"https:\/\/diarioregionaldigital.com.br\/index.php?rest_route=%2Fwp%2Fv2%2Ftags&post=166792"}],"curies":[{"name":"wp","href":"https:\/\/api.w.org\/{rel}","templated":true}]}}