{"id":166785,"date":"2020-08-13T23:45:00","date_gmt":"2020-08-14T02:45:00","guid":{"rendered":"https:\/\/diarioregionaldigital.com.br\/?p=166785"},"modified":"2020-08-14T11:14:14","modified_gmt":"2020-08-14T14:14:14","slug":"governo-anuncia-a-deputados-que-esta-reunindo-informacoes-sobre-vacina-russa-fonte-agencia-camara-de-noticias","status":"publish","type":"post","link":"https:\/\/diarioregionaldigital.com.br\/?p=166785","title":{"rendered":"Governo anuncia a deputados que est\u00e1 reunindo informa\u00e7\u00f5es sobre vacina russa"},"content":{"rendered":"<p>Em audi\u00eancia da <span id=\"4084\" class=\"termoGlossario\" title=\"\" contenteditable=\"false\" data-toggle=\"tooltip\" data-placement=\"top\" data-original-title=\"Comiss\u00e3o integrada por deputados e senadores, constitu\u00edda para tratar de mat\u00e9ria de compet\u00eancia do Congresso Nacional. Pode ter car\u00e1ter permanente ou tempor\u00e1rio.\">comiss\u00e3o mista<\/span> do Congresso que acompanha as a\u00e7\u00f5es de combate \u00e0 Covid-19, o ministro interino da Sa\u00fade, Eduardo Pazuello, disse nesta quinta-feira (13) que as informa\u00e7\u00f5es sobre a vacina russa, aprovada nesta semana pelo governo daquele pa\u00eds, ainda s\u00e3o \u201crasas\u201d e \u201cincipientes\u201d; mas que o governo brasileiro j\u00e1 teve uma reuni\u00e3o com autoridades russas e do governo do Paran\u00e1 para acompanhar o acordo de coopera\u00e7\u00e3o entre eles. &#8220;Sim, n\u00f3s estamos atentos \u00e0 vacina russa e caso essa prospec\u00e7\u00e3o seja positiva, n\u00f3s devemos tamb\u00e9m participar&#8221;, informou.<\/p>\n<p>Pazuello refor\u00e7ou que o governo federal se interessa por todas as vacinas vi\u00e1veis.\u00a0 &#8220;Vai ter muita negocia\u00e7\u00e3o, muito trabalho para que isso seja analisado pela Anvisa para que n\u00f3s possamos discutir a compra&#8221;, disse. O ministro completou relatando\u00a0 reuni\u00e3o que teve nesta semana com uma empresa americana que desenvolve outra vacina. Com essa, s\u00e3o sete vacinas em acompanhamento mais pr\u00f3ximo, sendo que Pazuello acredita que a mais promissora \u00e9 a desenvolvida pela Universidade de Oxford, j\u00e1 em processo de compra pelo Brasil.<\/p>\n<p><strong>Materiais<\/strong><br \/>\nPara garantir que n\u00e3o faltar\u00e3o materiais para produ\u00e7\u00e3o, distribui\u00e7\u00e3o e aplica\u00e7\u00e3o da vacina, os minist\u00e9rios da Sa\u00fade e da Economia est\u00e3o em contato, segundo Pazuello, para assegurar a fabrica\u00e7\u00e3o nacional dos produtos at\u00e9 novembro. O ministro anunciou ainda que a vacina\u00e7\u00e3o dever\u00e1 ser iniciada em janeiro nas regi\u00f5es Norte e Nordeste por quest\u00f5es sazonais.<\/p>\n<p>Em rela\u00e7\u00e3o \u00e0 car\u00eancia de medicamentos para intuba\u00e7\u00e3o de pacientes com Covid-19, Pazuello disse que a situa\u00e7\u00e3o deve melhorar nos pr\u00f3ximos dias, porque foi conclu\u00eddo nesta semana o preg\u00e3o eletr\u00f4nico que dar\u00e1 aos estados e 17 capitais a possibilidade de adquirir 11 tipos de medicamentos. O ministro disse ainda que est\u00e3o sendo comprados mais medicamentos no mercado externo.<\/p>\n<p>Emergencialmente, o governo requisitou dos laborat\u00f3rios 3,4 milh\u00f5es de doses que j\u00e1 foram distribu\u00eddas, al\u00e9m de compras no Uruguai para a regi\u00e3o Sul. Pazuello ressaltou que as requisi\u00e7\u00f5es podem ser feitas diretamente pelos estados e munic\u00edpios em caso de necessidade e lembrou que eles possuem R$ 25,2 bilh\u00f5es em conta para as despesas da pandemia.<\/p>\n<p><strong>Not\u00edcias falsas<\/strong><br \/>\nO relator da comiss\u00e3o mista, deputado Francisco Jr. (PSD-GO), manifestou preocupa\u00e7\u00e3o com not\u00edcias falsas que relacionam as mortes por Covid-19 a uma maior distribui\u00e7\u00e3o de recursos para estados e munic\u00edpios. O deputado relatou a exist\u00eancia de v\u00eddeos nas redes sociais de diagn\u00f3sticos falsos para que estados e munic\u00edpios recebam mais recursos. &#8220;Que quanto mais pessoas morrerem de Covid, mais vantagens eles receberiam. Na minha opini\u00e3o, isso \u00e9 Fake News. Mas eu questionei o Minist\u00e9rio da Sa\u00fade, questionei a Secretaria de Goi\u00e1s, e lamentavelmente n\u00e3o tive resposta&#8221;, questionou.<\/p>\n<p>Pazuello esclareceu que todos os repasses s\u00e3o feitos com presta\u00e7\u00e3o de contas e se baseiam na necessidade concreta dos poderes locais. A deputada Angela Amin (PP-SC) elogiou o trabalho do ministro interino da Sa\u00fade e disse que ele precisa divulgar mais o que vem fazendo. \u201cAs iniciativas tomadas e as provid\u00eancias, mesmo com lentid\u00e3o. N\u00f3s gostar\u00edamos muito que esse processo tivesse sido mais r\u00e1pido, mas eu j\u00e1 fui gestora e a gente sabe que as coisas n\u00e3o acontecem no ritmo que n\u00f3s gostar\u00edamos.\u201d<\/p>\n<p>O ministro Eduardo Pazuello tamb\u00e9m fez quest\u00e3o de dizer que o governo s\u00f3 atende pedidos de estados e munic\u00edpios em rela\u00e7\u00e3o \u00e0 cloroquina; ou seja, n\u00e3o oferece o medicamento; e que mant\u00e9m um estoque pequeno para atender outras doen\u00e7as como mal\u00e1ria e l\u00fapus.<\/p>\n<p><strong>Fonte:<\/strong> Ag\u00eancia C\u00e2mara<\/p>\n","protected":false},"excerpt":{"rendered":"<p>Em audi\u00eancia da comiss\u00e3o mista do Congresso que acompanha as a\u00e7\u00f5es de combate \u00e0 Covid-19, o ministro interino da Sa\u00fade, Eduardo Pazuello, disse nesta quinta-feira (13) que as informa\u00e7\u00f5es sobre a vacina russa, aprovada nesta semana pelo governo daquele pa\u00eds, ainda s\u00e3o \u201crasas\u201d e \u201cincipientes\u201d; mas que o governo brasileiro j\u00e1 teve uma reuni\u00e3o com [&hellip;]<\/p>\n","protected":false},"author":96,"featured_media":166786,"comment_status":"closed","ping_status":"closed","sticky":false,"template":"","format":"standard","meta":{"footnotes":""},"categories":[436,254,439],"tags":[],"class_list":["post-166785","post","type-post","status-publish","format-standard","has-post-thumbnail","hentry","category-destaque-da-semana","category-politica","category-ultima-hora"],"_links":{"self":[{"href":"https:\/\/diarioregionaldigital.com.br\/index.php?rest_route=\/wp\/v2\/posts\/166785","targetHints":{"allow":["GET"]}}],"collection":[{"href":"https:\/\/diarioregionaldigital.com.br\/index.php?rest_route=\/wp\/v2\/posts"}],"about":[{"href":"https:\/\/diarioregionaldigital.com.br\/index.php?rest_route=\/wp\/v2\/types\/post"}],"author":[{"embeddable":true,"href":"https:\/\/diarioregionaldigital.com.br\/index.php?rest_route=\/wp\/v2\/users\/96"}],"replies":[{"embeddable":true,"href":"https:\/\/diarioregionaldigital.com.br\/index.php?rest_route=%2Fwp%2Fv2%2Fcomments&post=166785"}],"version-history":[{"count":0,"href":"https:\/\/diarioregionaldigital.com.br\/index.php?rest_route=\/wp\/v2\/posts\/166785\/revisions"}],"wp:featuredmedia":[{"embeddable":true,"href":"https:\/\/diarioregionaldigital.com.br\/index.php?rest_route=\/wp\/v2\/media\/166786"}],"wp:attachment":[{"href":"https:\/\/diarioregionaldigital.com.br\/index.php?rest_route=%2Fwp%2Fv2%2Fmedia&parent=166785"}],"wp:term":[{"taxonomy":"category","embeddable":true,"href":"https:\/\/diarioregionaldigital.com.br\/index.php?rest_route=%2Fwp%2Fv2%2Fcategories&post=166785"},{"taxonomy":"post_tag","embeddable":true,"href":"https:\/\/diarioregionaldigital.com.br\/index.php?rest_route=%2Fwp%2Fv2%2Ftags&post=166785"}],"curies":[{"name":"wp","href":"https:\/\/api.w.org\/{rel}","templated":true}]}}